{"id":3524,"date":"2020-04-23T17:46:58","date_gmt":"2020-04-23T16:46:58","guid":{"rendered":"http:\/\/blogsaverroes.juntadeandalucia.es\/ceipblasinfantedeecija\/?p=3524"},"modified":"2020-04-23T17:54:13","modified_gmt":"2020-04-23T16:54:13","slug":"dia-del-libro","status":"publish","type":"post","link":"https:\/\/blogsaverroes.juntadeandalucia.es\/ceipblasinfantedeecija\/dia-del-libro\/","title":{"rendered":"D\u00eda del Libro"},"content":{"rendered":"<p>Como todos sab\u00e9is, el 23 de abril celebramos el D\u00eda del Libro.<br \/>\nEste a\u00f1o ser\u00e1 el D\u00eda del Libro m\u00e1s especial de nuestras vidas. Los alumnos de nuestro centro han querido conmemorar este d\u00eda con unos audiocuentos realizados por ellos mismos. Son los alumnos de 5\u00ba. Una vez abierto el enlace, pinchad en cada foto y podr\u00e9is verlos:<\/p>\n<p><a href=\"https:\/\/drive.google.com\/file\/d\/1lcEAoL7BY84iPmtpG7YttTpZuZINUTtw\/view?usp=sharing\">https:\/\/drive.google.com\/file\/d\/1lcEAoL7BY84iPmtpG7YttTpZuZINUTtw\/view?usp=sharing<\/a><\/p>\n<p>M\u00e1s adelante publicaremos m\u00e1s.<\/p>\n<p>Con motivo de este d\u00eda nuestra \u00abse\u00f1o\u00bb Magdalena ha realizado unos dibujos:<\/p>\n<p><img loading=\"lazy\" decoding=\"async\" class=\"alignnone wp-image-3527\" src=\"https:\/\/blogsaverroes.juntadeandalucia.es\/ceipblasinfantedeecija\/files\/2020\/04\/WhatsApp-Image-2020-04-23-at-18.35.55-207x300.jpeg\" alt=\"\" width=\"253\" height=\"367\" srcset=\"https:\/\/blogsaverroes.juntadeandalucia.es\/ceipblasinfantedeecija\/files\/2020\/04\/WhatsApp-Image-2020-04-23-at-18.35.55-207x300.jpeg 207w, https:\/\/blogsaverroes.juntadeandalucia.es\/ceipblasinfantedeecija\/files\/2020\/04\/WhatsApp-Image-2020-04-23-at-18.35.55-768x1111.jpeg 768w, https:\/\/blogsaverroes.juntadeandalucia.es\/ceipblasinfantedeecija\/files\/2020\/04\/WhatsApp-Image-2020-04-23-at-18.35.55-708x1024.jpeg 708w, https:\/\/blogsaverroes.juntadeandalucia.es\/ceipblasinfantedeecija\/files\/2020\/04\/WhatsApp-Image-2020-04-23-at-18.35.55-700x1013.jpeg 700w, https:\/\/blogsaverroes.juntadeandalucia.es\/ceipblasinfantedeecija\/files\/2020\/04\/WhatsApp-Image-2020-04-23-at-18.35.55-17x24.jpeg 17w, https:\/\/blogsaverroes.juntadeandalucia.es\/ceipblasinfantedeecija\/files\/2020\/04\/WhatsApp-Image-2020-04-23-at-18.35.55-25x36.jpeg 25w, https:\/\/blogsaverroes.juntadeandalucia.es\/ceipblasinfantedeecija\/files\/2020\/04\/WhatsApp-Image-2020-04-23-at-18.35.55-33x48.jpeg 33w, https:\/\/blogsaverroes.juntadeandalucia.es\/ceipblasinfantedeecija\/files\/2020\/04\/WhatsApp-Image-2020-04-23-at-18.35.55.jpeg 1106w\" sizes=\"(max-width: 253px) 100vw, 253px\" \/> <img loading=\"lazy\" decoding=\"async\" class=\"alignnone wp-image-3528\" src=\"https:\/\/blogsaverroes.juntadeandalucia.es\/ceipblasinfantedeecija\/files\/2020\/04\/WhatsApp-Image-2020-04-23-at-18.35.56-207x300.jpeg\" alt=\"\" width=\"254\" height=\"368\" srcset=\"https:\/\/blogsaverroes.juntadeandalucia.es\/ceipblasinfantedeecija\/files\/2020\/04\/WhatsApp-Image-2020-04-23-at-18.35.56-207x300.jpeg 207w, https:\/\/blogsaverroes.juntadeandalucia.es\/ceipblasinfantedeecija\/files\/2020\/04\/WhatsApp-Image-2020-04-23-at-18.35.56-768x1113.jpeg 768w, https:\/\/blogsaverroes.juntadeandalucia.es\/ceipblasinfantedeecija\/files\/2020\/04\/WhatsApp-Image-2020-04-23-at-18.35.56-707x1024.jpeg 707w, https:\/\/blogsaverroes.juntadeandalucia.es\/ceipblasinfantedeecija\/files\/2020\/04\/WhatsApp-Image-2020-04-23-at-18.35.56-700x1014.jpeg 700w, https:\/\/blogsaverroes.juntadeandalucia.es\/ceipblasinfantedeecija\/files\/2020\/04\/WhatsApp-Image-2020-04-23-at-18.35.56-17x24.jpeg 17w, https:\/\/blogsaverroes.juntadeandalucia.es\/ceipblasinfantedeecija\/files\/2020\/04\/WhatsApp-Image-2020-04-23-at-18.35.56-25x36.jpeg 25w, https:\/\/blogsaverroes.juntadeandalucia.es\/ceipblasinfantedeecija\/files\/2020\/04\/WhatsApp-Image-2020-04-23-at-18.35.56-33x48.jpeg 33w, https:\/\/blogsaverroes.juntadeandalucia.es\/ceipblasinfantedeecija\/files\/2020\/04\/WhatsApp-Image-2020-04-23-at-18.35.56.jpeg 1104w\" sizes=\"(max-width: 254px) 100vw, 254px\" \/><\/p>\n<p>&nbsp;<\/p>\n<p>&nbsp;<\/p>\n","protected":false},"excerpt":{"rendered":"<p>Como todos sab\u00e9is, el 23 de abril celebramos el D\u00eda del Libro. Este a\u00f1o ser\u00e1 el D\u00eda del Libro m\u00e1s especial de nuestras vidas. Los alumnos de nuestro centro han querido conmemorar este d\u00eda&#46;&#46;&#46;<\/p>\n","protected":false},"author":3097,"featured_media":3528,"comment_status":"closed","ping_status":"open","sticky":false,"template":"","format":"standard","meta":{"ngg_post_thumbnail":0,"footnotes":""},"categories":[526],"tags":[],"aioseo_notices":[],"_links":{"self":[{"href":"https:\/\/blogsaverroes.juntadeandalucia.es\/ceipblasinfantedeecija\/wp-json\/wp\/v2\/posts\/3524"}],"collection":[{"href":"https:\/\/blogsaverroes.juntadeandalucia.es\/ceipblasinfantedeecija\/wp-json\/wp\/v2\/posts"}],"about":[{"href":"https:\/\/blogsaverroes.juntadeandalucia.es\/ceipblasinfantedeecija\/wp-json\/wp\/v2\/types\/post"}],"author":[{"embeddable":true,"href":"https:\/\/blogsaverroes.juntadeandalucia.es\/ceipblasinfantedeecija\/wp-json\/wp\/v2\/users\/3097"}],"replies":[{"embeddable":true,"href":"https:\/\/blogsaverroes.juntadeandalucia.es\/ceipblasinfantedeecija\/wp-json\/wp\/v2\/comments?post=3524"}],"version-history":[{"count":3,"href":"https:\/\/blogsaverroes.juntadeandalucia.es\/ceipblasinfantedeecija\/wp-json\/wp\/v2\/posts\/3524\/revisions"}],"predecessor-version":[{"id":3531,"href":"https:\/\/blogsaverroes.juntadeandalucia.es\/ceipblasinfantedeecija\/wp-json\/wp\/v2\/posts\/3524\/revisions\/3531"}],"wp:featuredmedia":[{"embeddable":true,"href":"https:\/\/blogsaverroes.juntadeandalucia.es\/ceipblasinfantedeecija\/wp-json\/wp\/v2\/media\/3528"}],"wp:attachment":[{"href":"https:\/\/blogsaverroes.juntadeandalucia.es\/ceipblasinfantedeecija\/wp-json\/wp\/v2\/media?parent=3524"}],"wp:term":[{"taxonomy":"category","embeddable":true,"href":"https:\/\/blogsaverroes.juntadeandalucia.es\/ceipblasinfantedeecija\/wp-json\/wp\/v2\/categories?post=3524"},{"taxonomy":"post_tag","embeddable":true,"href":"https:\/\/blogsaverroes.juntadeandalucia.es\/ceipblasinfantedeecija\/wp-json\/wp\/v2\/tags?post=3524"}],"curies":[{"name":"wp","href":"https:\/\/api.w.org\/{rel}","templated":true}]}}