{"id":3596,"date":"2021-12-01T11:59:59","date_gmt":"2021-12-01T09:59:59","guid":{"rendered":"http:\/\/blogsaverroes.juntadeandalucia.es\/ceipblasinfantedeecija\/?p=3596"},"modified":"2021-12-23T20:51:05","modified_gmt":"2021-12-23T18:51:05","slug":"contenidos","status":"publish","type":"post","link":"https:\/\/blogsaverroes.juntadeandalucia.es\/ceipblasinfantedeecija\/contenidos\/","title":{"rendered":"Contenidos  PLC"},"content":{"rendered":"<p><a href=\"https:\/\/blogsaverroes.juntadeandalucia.es\/ceipblasinfantedeecija\/files\/2020\/04\/41f98457-4bfe-410c-aaf6-77b087c3e531.jpg\"><img loading=\"lazy\" decoding=\"async\" class=\"alignnone size-full wp-image-4246\" src=\"https:\/\/blogsaverroes.juntadeandalucia.es\/ceipblasinfantedeecija\/files\/2020\/04\/41f98457-4bfe-410c-aaf6-77b087c3e531.jpg\" alt=\"\" width=\"1024\" height=\"768\" srcset=\"https:\/\/blogsaverroes.juntadeandalucia.es\/ceipblasinfantedeecija\/files\/2020\/04\/41f98457-4bfe-410c-aaf6-77b087c3e531.jpg 1024w, https:\/\/blogsaverroes.juntadeandalucia.es\/ceipblasinfantedeecija\/files\/2020\/04\/41f98457-4bfe-410c-aaf6-77b087c3e531-300x225.jpg 300w, https:\/\/blogsaverroes.juntadeandalucia.es\/ceipblasinfantedeecija\/files\/2020\/04\/41f98457-4bfe-410c-aaf6-77b087c3e531-768x576.jpg 768w, https:\/\/blogsaverroes.juntadeandalucia.es\/ceipblasinfantedeecija\/files\/2020\/04\/41f98457-4bfe-410c-aaf6-77b087c3e531-700x525.jpg 700w\" sizes=\"(max-width: 1024px) 100vw, 1024px\" \/><\/a><\/p>\n<p>CONCURSO: \u00abTARJETAS DE NAVIDAD\u00bb<\/p>\n<p>Con motivo de la llegada de la Navidad, se ha realizado un concurso de \u00abTarjetas Navide\u00f1as\u00bb. En el v\u00eddeo pod\u00e9is ver los ganadores. \u00a1\u00a1\u00a1Enhorabuena a todos!!!<\/p>\n<p><iframe loading=\"lazy\" src=\"\/\/www.youtube.com\/embed\/RYeeyz0tsy0\" width=\"560\" height=\"314\"><\/iframe><\/p>\n<p>&nbsp;<\/p>\n<p>D\u00cdA DE LA LECTURA EN ANDALUC\u00cdA<\/p>\n<p>El jueves 16 de diciembre fue el d\u00eda de la lectura de Andaluc\u00eda y lo celebramos todo el centro ley\u00e9ndonos cuentos unos a otros. Los alumnos\/as m\u00e1s mayores fueron los lectores y los m\u00e1s peque\u00f1os los oyentes. Ha sido una actividad maravillosa para fomentar uno de los pilares del aprendizaje: LA LECTURA.<\/p>\n<p><iframe loading=\"lazy\" src=\"\/\/www.youtube.com\/embed\/_aUqj-PoO0o\" width=\"560\" height=\"314\"><\/iframe><\/p>\n<p>&nbsp;<\/p>\n<p>En este apartado os iremos adjuntando diferentes contenidos correspondientes al Proyecto Ling\u00fc\u00edsticos de Centro (PLC) que se van trabajando durante todo el a\u00f1o con nuestros alumnos.<\/p>\n<p>&nbsp;<\/p>\n","protected":false},"excerpt":{"rendered":"<p>CONCURSO: \u00abTARJETAS DE NAVIDAD\u00bb Con motivo de la llegada de la Navidad, se ha realizado un concurso de \u00abTarjetas Navide\u00f1as\u00bb. En el v\u00eddeo pod\u00e9is ver los ganadores. \u00a1\u00a1\u00a1Enhorabuena a todos!!! &nbsp; D\u00cdA DE LA&#46;&#46;&#46;<\/p>\n","protected":false},"author":3097,"featured_media":4246,"comment_status":"closed","ping_status":"open","sticky":false,"template":"","format":"standard","meta":{"ngg_post_thumbnail":0,"footnotes":""},"categories":[526],"tags":[],"aioseo_notices":[],"_links":{"self":[{"href":"https:\/\/blogsaverroes.juntadeandalucia.es\/ceipblasinfantedeecija\/wp-json\/wp\/v2\/posts\/3596"}],"collection":[{"href":"https:\/\/blogsaverroes.juntadeandalucia.es\/ceipblasinfantedeecija\/wp-json\/wp\/v2\/posts"}],"about":[{"href":"https:\/\/blogsaverroes.juntadeandalucia.es\/ceipblasinfantedeecija\/wp-json\/wp\/v2\/types\/post"}],"author":[{"embeddable":true,"href":"https:\/\/blogsaverroes.juntadeandalucia.es\/ceipblasinfantedeecija\/wp-json\/wp\/v2\/users\/3097"}],"replies":[{"embeddable":true,"href":"https:\/\/blogsaverroes.juntadeandalucia.es\/ceipblasinfantedeecija\/wp-json\/wp\/v2\/comments?post=3596"}],"version-history":[{"count":6,"href":"https:\/\/blogsaverroes.juntadeandalucia.es\/ceipblasinfantedeecija\/wp-json\/wp\/v2\/posts\/3596\/revisions"}],"predecessor-version":[{"id":4249,"href":"https:\/\/blogsaverroes.juntadeandalucia.es\/ceipblasinfantedeecija\/wp-json\/wp\/v2\/posts\/3596\/revisions\/4249"}],"wp:featuredmedia":[{"embeddable":true,"href":"https:\/\/blogsaverroes.juntadeandalucia.es\/ceipblasinfantedeecija\/wp-json\/wp\/v2\/media\/4246"}],"wp:attachment":[{"href":"https:\/\/blogsaverroes.juntadeandalucia.es\/ceipblasinfantedeecija\/wp-json\/wp\/v2\/media?parent=3596"}],"wp:term":[{"taxonomy":"category","embeddable":true,"href":"https:\/\/blogsaverroes.juntadeandalucia.es\/ceipblasinfantedeecija\/wp-json\/wp\/v2\/categories?post=3596"},{"taxonomy":"post_tag","embeddable":true,"href":"https:\/\/blogsaverroes.juntadeandalucia.es\/ceipblasinfantedeecija\/wp-json\/wp\/v2\/tags?post=3596"}],"curies":[{"name":"wp","href":"https:\/\/api.w.org\/{rel}","templated":true}]}}