{"id":3399,"date":"2021-02-13T10:56:33","date_gmt":"2021-02-13T10:56:33","guid":{"rendered":"https:\/\/blogsaverroes.juntadeandalucia.es\/ceipblasinfanteps\/?p=3399"},"modified":"2021-02-13T10:56:43","modified_gmt":"2021-02-13T10:56:43","slug":"estamos-de-carnaval","status":"publish","type":"post","link":"https:\/\/blogsaverroes.juntadeandalucia.es\/ceipblasinfanteps\/2021\/02\/estamos-de-carnaval\/","title":{"rendered":"ESTAMOS DE CARNAVAL"},"content":{"rendered":"<p style=\"text-align: center\"><a href=\"https:\/\/blogsaverroes.juntadeandalucia.es\/ceipblasinfanteps\/files\/2021\/02\/IMG_20210212_104551.jpg\"><img fetchpriority=\"high\" decoding=\"async\" class=\"alignnone size-medium wp-image-3400\" src=\"https:\/\/blogsaverroes.juntadeandalucia.es\/ceipblasinfanteps\/files\/2021\/02\/IMG_20210212_104551-300x209.jpg\" alt=\"\" width=\"300\" height=\"209\" srcset=\"https:\/\/blogsaverroes.juntadeandalucia.es\/ceipblasinfanteps\/files\/2021\/02\/IMG_20210212_104551-300x209.jpg 300w, https:\/\/blogsaverroes.juntadeandalucia.es\/ceipblasinfanteps\/files\/2021\/02\/IMG_20210212_104551-1024x713.jpg 1024w, https:\/\/blogsaverroes.juntadeandalucia.es\/ceipblasinfanteps\/files\/2021\/02\/IMG_20210212_104551-768x535.jpg 768w, https:\/\/blogsaverroes.juntadeandalucia.es\/ceipblasinfanteps\/files\/2021\/02\/IMG_20210212_104551-1536x1070.jpg 1536w, https:\/\/blogsaverroes.juntadeandalucia.es\/ceipblasinfanteps\/files\/2021\/02\/IMG_20210212_104551-2048x1426.jpg 2048w, https:\/\/blogsaverroes.juntadeandalucia.es\/ceipblasinfanteps\/files\/2021\/02\/IMG_20210212_104551.jpg 1600w\" sizes=\"(max-width: 300px) 100vw, 300px\" \/><\/a><\/p>\n<p>&nbsp; &nbsp; &nbsp; Este a\u00f1o, a pesar de las circunstancias que todos\/as conocemos, no hemos querido dejar de celebrar nuestro carnaval. Se han programado actividades por aulas y guardando todas la medidas de seguridad establecidas en nuestro protocolo COVID-19. El programa de actividades se extiende desde el lunes 8 al viernes 19:<\/p>\n<ul>\n<li>Concurso <strong>\u00abNuestro cole se viste de carnaval\u00bb<\/strong>.&nbsp;<em>Se decorar\u00e1n las aulas con tem\u00e1tica carnavalesca y un jurado valorar\u00e1 la mejor clase, que recibir\u00e1 un premio.<\/em><\/li>\n<li>Concurso<strong> \u00abCartel carnaval Blas Infante\u00bb<\/strong>.&nbsp;<em>Elaboraci\u00f3n de un cartel para anunciar el carnaval de nuestro colegio.&nbsp; La tem\u00e1tica es: \u00abCarnaval y Covid-19\u00bb. Se elegir\u00e1 uno para participar en el concurso de carteles y servir\u00e1 como portada de nuestra revista del colegio. La clase de donde salga el cartel ganador recibir\u00e1 un premio.<\/em><\/li>\n<li>Concurso <strong>\u00abDisfraces de carnaval Blas Infante\u00bb<\/strong>. <em>El viernes 12 habr\u00e1 un concurso de disfraces, bien se viene disfrazado desde casa o se confecciona en el centro. Habr\u00e1 premio para los disfraces mejor valorados y bolsa de chucher\u00eda para todos los participantes.&nbsp;<\/em><\/li>\n<\/ul>\n<p>&nbsp; &nbsp; &nbsp; El viernes 19 de febrero, d\u00eda en que ser\u00eda el carnaval grande de nuestro pueblo, desde el colegio vamos a publicar una revista en la que brindaremos un homenaje a una de las fiestas m\u00e1s emblem\u00e1ticas de nuestra localidad.&nbsp;<\/p>\n","protected":false},"excerpt":{"rendered":"<p>&nbsp; &nbsp; &nbsp; Este a\u00f1o, a pesar de las circunstancias que todos\/as conocemos, no hemos querido dejar de celebrar nuestro carnaval. Se han programado actividades por aulas y guardando todas la medidas de seguridad establecidas en nuestro protocolo COVID-19. El programa de actividades se extiende desde el lunes 8 al viernes 19: Concurso \u00abNuestro cole [&hellip;]<\/p>\n","protected":false},"author":4075,"featured_media":0,"comment_status":"open","ping_status":"open","sticky":false,"template":"","format":"standard","meta":{"ngg_post_thumbnail":0,"footnotes":""},"categories":[25490],"tags":[],"aioseo_notices":[],"post_mailing_queue_ids":[],"_links":{"self":[{"href":"https:\/\/blogsaverroes.juntadeandalucia.es\/ceipblasinfanteps\/wp-json\/wp\/v2\/posts\/3399"}],"collection":[{"href":"https:\/\/blogsaverroes.juntadeandalucia.es\/ceipblasinfanteps\/wp-json\/wp\/v2\/posts"}],"about":[{"href":"https:\/\/blogsaverroes.juntadeandalucia.es\/ceipblasinfanteps\/wp-json\/wp\/v2\/types\/post"}],"author":[{"embeddable":true,"href":"https:\/\/blogsaverroes.juntadeandalucia.es\/ceipblasinfanteps\/wp-json\/wp\/v2\/users\/4075"}],"replies":[{"embeddable":true,"href":"https:\/\/blogsaverroes.juntadeandalucia.es\/ceipblasinfanteps\/wp-json\/wp\/v2\/comments?post=3399"}],"version-history":[{"count":1,"href":"https:\/\/blogsaverroes.juntadeandalucia.es\/ceipblasinfanteps\/wp-json\/wp\/v2\/posts\/3399\/revisions"}],"predecessor-version":[{"id":3401,"href":"https:\/\/blogsaverroes.juntadeandalucia.es\/ceipblasinfanteps\/wp-json\/wp\/v2\/posts\/3399\/revisions\/3401"}],"wp:attachment":[{"href":"https:\/\/blogsaverroes.juntadeandalucia.es\/ceipblasinfanteps\/wp-json\/wp\/v2\/media?parent=3399"}],"wp:term":[{"taxonomy":"category","embeddable":true,"href":"https:\/\/blogsaverroes.juntadeandalucia.es\/ceipblasinfanteps\/wp-json\/wp\/v2\/categories?post=3399"},{"taxonomy":"post_tag","embeddable":true,"href":"https:\/\/blogsaverroes.juntadeandalucia.es\/ceipblasinfanteps\/wp-json\/wp\/v2\/tags?post=3399"}],"curies":[{"name":"wp","href":"https:\/\/api.w.org\/{rel}","templated":true}]}}