{"id":4834,"date":"2025-05-04T08:48:50","date_gmt":"2025-05-04T08:48:50","guid":{"rendered":"https:\/\/blogsaverroes.juntadeandalucia.es\/ceipblasinfanteps\/?p=4834"},"modified":"2025-05-09T07:14:35","modified_gmt":"2025-05-09T07:14:35","slug":"semana-del-libro","status":"publish","type":"post","link":"https:\/\/blogsaverroes.juntadeandalucia.es\/ceipblasinfanteps\/2025\/05\/semana-del-libro\/","title":{"rendered":"SEMANA DEL LIBRO"},"content":{"rendered":"\t\t<div data-elementor-type=\"wp-post\" data-elementor-id=\"4834\" class=\"elementor elementor-4834\">\n\t\t\t\t\t\t<section class=\"elementor-section elementor-top-section elementor-element elementor-element-b48ac8e elementor-section-boxed elementor-section-height-default elementor-section-height-default\" data-id=\"b48ac8e\" data-element_type=\"section\">\n\t\t\t\t\t\t<div class=\"elementor-container elementor-column-gap-default\">\n\t\t\t\t\t<div class=\"elementor-column elementor-col-100 elementor-top-column elementor-element elementor-element-2f77525\" data-id=\"2f77525\" data-element_type=\"column\">\n\t\t\t<div class=\"elementor-widget-wrap elementor-element-populated\">\n\t\t\t\t\t\t<div class=\"elementor-element elementor-element-ea80df1 elementor-widget elementor-widget-heading\" data-id=\"ea80df1\" data-element_type=\"widget\" data-widget_type=\"heading.default\">\n\t\t\t\t<div class=\"elementor-widget-container\">\n\t\t\t\t\t<h2 class=\"elementor-heading-title elementor-size-default\">PROGRAMACI\u00d3N SEMANA DEL LIBRO\n(21-25 de abril)<\/h2>\t\t\t\t<\/div>\n\t\t\t\t<\/div>\n\t\t\t\t\t<\/div>\n\t\t<\/div>\n\t\t\t\t\t<\/div>\n\t\t<\/section>\n\t\t\t\t<section class=\"elementor-section elementor-top-section elementor-element elementor-element-83e73d2 elementor-section-boxed elementor-section-height-default elementor-section-height-default\" data-id=\"83e73d2\" data-element_type=\"section\">\n\t\t\t\t\t\t<div class=\"elementor-container elementor-column-gap-default\">\n\t\t\t\t\t<div class=\"elementor-column elementor-col-100 elementor-top-column elementor-element elementor-element-bd5ecd8\" data-id=\"bd5ecd8\" data-element_type=\"column\">\n\t\t\t<div class=\"elementor-widget-wrap elementor-element-populated\">\n\t\t\t\t\t\t<div class=\"elementor-element elementor-element-7e2f492 elementor-widget elementor-widget-text-editor\" data-id=\"7e2f492\" data-element_type=\"widget\" data-widget_type=\"text-editor.default\">\n\t\t\t\t<div class=\"elementor-widget-container\">\n\t\t\t\t\t\t\t\t\t<p style=\"text-align: center\">ACTIVIDAD: FELIZ D\u00cdA DEL LIBRO&nbsp; &nbsp; &nbsp; &nbsp; &nbsp;FECHA: Mi\u00e9rcoles 23 de abril<br \/>Con motivo de la celebraci\u00f3n del D\u00eda del Libro, el 23 de abril, hemos&nbsp;<br \/>llevado a cabo a nivel de centro la actividad \u201cFELIZ D\u00cdA DEL LIBRO\u201d que ha consistido en \u201cregalar un libro y una<br \/>rosa\u201d, algo t\u00edpico de esta efem\u00e9ride. Para ello, cada alumno\/a ha tra\u00eddo de casa un libro ( adaptado a las edades<br \/>de cada curso) envuelto en papel de regalo, bien de segunda mano que tengan en casa y hayan le\u00eddo o nuevo<br \/>porque hayan comprado para regalar al compa\u00f1ero que les haya correspondido. Para la elecci\u00f3n del alumno\/a<br \/>al que se regala se ha realizado en cada grupo-clase el juego del \u201cAMIGO INVISIBLE\u201d para motivar al alumnado.&nbsp;<\/p>\t\t\t\t\t\t\t\t<\/div>\n\t\t\t\t<\/div>\n\t\t\t\t\t<\/div>\n\t\t<\/div>\n\t\t\t\t\t<\/div>\n\t\t<\/section>\n\t\t\t\t<section class=\"elementor-section elementor-top-section elementor-element elementor-element-3e41663 elementor-section-boxed elementor-section-height-default elementor-section-height-default\" data-id=\"3e41663\" data-element_type=\"section\">\n\t\t\t\t\t\t<div class=\"elementor-container elementor-column-gap-default\">\n\t\t\t\t\t<div class=\"elementor-column elementor-col-100 elementor-top-column elementor-element elementor-element-e3eaa30\" data-id=\"e3eaa30\" data-element_type=\"column\">\n\t\t\t<div class=\"elementor-widget-wrap elementor-element-populated\">\n\t\t\t\t\t\t<div class=\"elementor-element elementor-element-9e99df5 elementor-widget elementor-widget-text-editor\" data-id=\"9e99df5\" data-element_type=\"widget\" data-widget_type=\"text-editor.default\">\n\t\t\t\t<div class=\"elementor-widget-container\">\n\t\t\t\t\t\t\t\t\t<p style=\"text-align: center\">ACTIVIDAD: LA ROSA DE SANT JORDI\u00a0 \u00a0 \u00a0 \u00a0 \u00a0 FECHA: Mi\u00e9rcoles 23 de abril<br \/>En los d\u00edas previos a la celebraci\u00f3n del D\u00eda del Libro cada alumno\/a<br \/>ha elaborado en el \u00e1rea de Pl\u00e1stica un marcap\u00e1ginas con forma de rosa que adjuntar\u00e1 al libro que hayan elegido<br \/>regalar para la actividad \u201cFeliz d\u00eda del Libro\u201d. Por lo que el mi\u00e9rcoles, todo el alumnado del centro contar\u00e1 con<br \/>su LIBRO y ROSAS regalados por otro\/a compa\u00f1ero\/a \u201cinvisible\u201d.<\/p>\t\t\t\t\t\t\t\t<\/div>\n\t\t\t\t<\/div>\n\t\t\t\t\t<\/div>\n\t\t<\/div>\n\t\t\t\t\t<\/div>\n\t\t<\/section>\n\t\t\t\t<section class=\"elementor-section elementor-top-section elementor-element elementor-element-ff3925b elementor-section-boxed elementor-section-height-default elementor-section-height-default\" data-id=\"ff3925b\" data-element_type=\"section\">\n\t\t\t\t\t\t<div class=\"elementor-container elementor-column-gap-default\">\n\t\t\t\t\t<div class=\"elementor-column elementor-col-100 elementor-top-column elementor-element elementor-element-fe70a77\" data-id=\"fe70a77\" data-element_type=\"column\">\n\t\t\t<div class=\"elementor-widget-wrap elementor-element-populated\">\n\t\t\t\t\t\t<div class=\"elementor-element elementor-element-0308a90 elementor-widget elementor-widget-text-editor\" data-id=\"0308a90\" data-element_type=\"widget\" data-widget_type=\"text-editor.default\">\n\t\t\t\t<div class=\"elementor-widget-container\">\n\t\t\t\t\t\t\t\t\t<p style=\"text-align: center\">ACTIVIDAD: ENCUENTRO CON UNA AUTORA FECHA:\u00a0 \u00a0 \u00a0 \u00a0 \u00a0 \u00a0 \u00a0 \u00a0 \u00a0 \u00a0 \u00a0 Viernes 25 de abril<br \/>\u00a0Para este d\u00eda, hemos contado en el centro con la visita de la escritora<br \/>(Ver\u00f3nica Melguizo Reyes) e ilustradora (Griselda Novillo Gris) del libro <strong><em>\u201c\u00bfQu\u00e9 le pasa a Naia?<\/em><\/strong>\u201d, enfocado a<br \/>alumnado de Ed. Infantil y Primer Ciclo, cuya tem\u00e1tica se centra en el uso desmedido de las pantallas a edades<br \/>cada vez m\u00e1s tempranas, lo cual est\u00e1 mermando la capacidad creativa en nuestros\/as ni\u00f1os\/as adem\u00e1s de<br \/>fomentar actitudes de impaciencia, irritabilidad y falta de autonom\u00eda cada vez m\u00e1s notorio en el alumnado. Puesto<br \/>que, tanto la tem\u00e1tica del libro como su enfoque, nos afecta en nuestra labor docente, se ha llevado a cabo, para<br \/>complementar a la celebraci\u00f3n del \u201cD\u00eda del libro\u201d, una exposici\u00f3n y presentaci\u00f3n por parte de la escritora e<br \/>ilustradora, en la que han retado al alumnado e intentado concienciarles del uso que hacen de las pantallas.<\/p>\t\t\t\t\t\t\t\t<\/div>\n\t\t\t\t<\/div>\n\t\t\t\t<div class=\"elementor-element elementor-element-b461d9a elementor-widget elementor-widget-image\" data-id=\"b461d9a\" data-element_type=\"widget\" data-widget_type=\"image.default\">\n\t\t\t\t<div class=\"elementor-widget-container\">\n\t\t\t\t\t\t\t\t\t\t\t\t\t\t\t<img fetchpriority=\"high\" decoding=\"async\" width=\"768\" height=\"576\" src=\"https:\/\/blogsaverroes.juntadeandalucia.es\/ceipblasinfanteps\/files\/2025\/05\/WhatsApp-Image-2025-04-29-at-10.27.31-AM-2-768x576.jpeg\" class=\"attachment-medium_large size-medium_large wp-image-4830\" alt=\"\" srcset=\"https:\/\/blogsaverroes.juntadeandalucia.es\/ceipblasinfanteps\/files\/2025\/05\/WhatsApp-Image-2025-04-29-at-10.27.31-AM-2-768x576.jpeg 768w, https:\/\/blogsaverroes.juntadeandalucia.es\/ceipblasinfanteps\/files\/2025\/05\/WhatsApp-Image-2025-04-29-at-10.27.31-AM-2-300x225.jpeg 300w, https:\/\/blogsaverroes.juntadeandalucia.es\/ceipblasinfanteps\/files\/2025\/05\/WhatsApp-Image-2025-04-29-at-10.27.31-AM-2-1024x768.jpeg 1024w, https:\/\/blogsaverroes.juntadeandalucia.es\/ceipblasinfanteps\/files\/2025\/05\/WhatsApp-Image-2025-04-29-at-10.27.31-AM-2-1536x1152.jpeg 1536w, https:\/\/blogsaverroes.juntadeandalucia.es\/ceipblasinfanteps\/files\/2025\/05\/WhatsApp-Image-2025-04-29-at-10.27.31-AM-2.jpeg 1600w\" sizes=\"(max-width: 768px) 100vw, 768px\" \/>\t\t\t\t\t\t\t\t\t\t\t\t\t\t\t<\/div>\n\t\t\t\t<\/div>\n\t\t\t\t\t<\/div>\n\t\t<\/div>\n\t\t\t\t\t<\/div>\n\t\t<\/section>\n\t\t\t\t<section class=\"elementor-section elementor-top-section elementor-element elementor-element-0de2fc0 elementor-section-boxed elementor-section-height-default elementor-section-height-default\" data-id=\"0de2fc0\" data-element_type=\"section\">\n\t\t\t\t\t\t<div class=\"elementor-container elementor-column-gap-default\">\n\t\t\t\t\t<div class=\"elementor-column elementor-col-100 elementor-top-column elementor-element elementor-element-e4af3d6\" data-id=\"e4af3d6\" data-element_type=\"column\">\n\t\t\t<div class=\"elementor-widget-wrap elementor-element-populated\">\n\t\t\t\t\t\t<div class=\"elementor-element elementor-element-d97c43a elementor-widget elementor-widget-text-editor\" data-id=\"d97c43a\" data-element_type=\"widget\" data-widget_type=\"text-editor.default\">\n\t\t\t\t<div class=\"elementor-widget-container\">\n\t\t\t\t\t\t\t\t\t<p style=\"text-align: center\">ACTIVIDAD: DECORACI\u00d3N CAMISETA\u00a0 \u00a0 \u00a0 \u00a0 \u00a0 \u00a0 \u00a0 \u00a0 \u00a0 \u00a0 \u00a0 \u00a0FECHA: Viernes 25 de abril<br \/>Acompa\u00f1ando a la actividad anterior, la escritora e ilustradora han realizado<br \/>una actividad con los diferentes grupos en la que han decorado sus propias camisetas. Una actividad creativa y<br \/>motivadora para el alumnado de todas las edades.<\/p>\t\t\t\t\t\t\t\t<\/div>\n\t\t\t\t<\/div>\n\t\t\t\t\t<\/div>\n\t\t<\/div>\n\t\t\t\t\t<\/div>\n\t\t<\/section>\n\t\t\t\t<section class=\"elementor-section elementor-top-section elementor-element elementor-element-3092ab0 elementor-section-boxed elementor-section-height-default elementor-section-height-default\" data-id=\"3092ab0\" data-element_type=\"section\">\n\t\t\t\t\t\t<div class=\"elementor-container elementor-column-gap-default\">\n\t\t\t\t\t<div class=\"elementor-column elementor-col-100 elementor-top-column elementor-element elementor-element-6c34488\" data-id=\"6c34488\" data-element_type=\"column\">\n\t\t\t<div class=\"elementor-widget-wrap elementor-element-populated\">\n\t\t\t\t\t\t<div class=\"elementor-element elementor-element-762cb97 elementor-widget elementor-widget-image\" data-id=\"762cb97\" data-element_type=\"widget\" data-widget_type=\"image.default\">\n\t\t\t\t<div class=\"elementor-widget-container\">\n\t\t\t\t\t\t\t\t\t\t\t\t\t\t\t<img decoding=\"async\" width=\"768\" height=\"346\" src=\"https:\/\/blogsaverroes.juntadeandalucia.es\/ceipblasinfanteps\/files\/2025\/05\/Camisetas-768x346.jpeg\" class=\"attachment-medium_large size-medium_large wp-image-4858\" alt=\"\" srcset=\"https:\/\/blogsaverroes.juntadeandalucia.es\/ceipblasinfanteps\/files\/2025\/05\/Camisetas-768x346.jpeg 768w, https:\/\/blogsaverroes.juntadeandalucia.es\/ceipblasinfanteps\/files\/2025\/05\/Camisetas-300x135.jpeg 300w, https:\/\/blogsaverroes.juntadeandalucia.es\/ceipblasinfanteps\/files\/2025\/05\/Camisetas-1024x461.jpeg 1024w, https:\/\/blogsaverroes.juntadeandalucia.es\/ceipblasinfanteps\/files\/2025\/05\/Camisetas-1536x691.jpeg 1536w, https:\/\/blogsaverroes.juntadeandalucia.es\/ceipblasinfanteps\/files\/2025\/05\/Camisetas.jpeg 1600w\" sizes=\"(max-width: 768px) 100vw, 768px\" \/>\t\t\t\t\t\t\t\t\t\t\t\t\t\t\t<\/div>\n\t\t\t\t<\/div>\n\t\t\t\t\t<\/div>\n\t\t<\/div>\n\t\t\t\t\t<\/div>\n\t\t<\/section>\n\t\t\t\t<section class=\"elementor-section elementor-top-section elementor-element elementor-element-5e6bb58 elementor-section-boxed elementor-section-height-default elementor-section-height-default\" data-id=\"5e6bb58\" data-element_type=\"section\">\n\t\t\t\t\t\t<div class=\"elementor-container elementor-column-gap-default\">\n\t\t\t\t\t<div class=\"elementor-column elementor-col-50 elementor-top-column elementor-element elementor-element-d154967\" data-id=\"d154967\" data-element_type=\"column\">\n\t\t\t<div class=\"elementor-widget-wrap elementor-element-populated\">\n\t\t\t\t\t\t<div class=\"elementor-element elementor-element-033fd68 elementor-widget elementor-widget-image\" data-id=\"033fd68\" data-element_type=\"widget\" data-widget_type=\"image.default\">\n\t\t\t\t<div class=\"elementor-widget-container\">\n\t\t\t\t\t\t\t\t\t\t\t\t\t\t\t<img decoding=\"async\" width=\"768\" height=\"831\" src=\"https:\/\/blogsaverroes.juntadeandalucia.es\/ceipblasinfanteps\/files\/2025\/05\/EI-3-anos-1-768x831.jpeg\" class=\"attachment-medium_large size-medium_large wp-image-4864\" alt=\"\" srcset=\"https:\/\/blogsaverroes.juntadeandalucia.es\/ceipblasinfanteps\/files\/2025\/05\/EI-3-anos-1-768x831.jpeg 768w, https:\/\/blogsaverroes.juntadeandalucia.es\/ceipblasinfanteps\/files\/2025\/05\/EI-3-anos-1-277x300.jpeg 277w, https:\/\/blogsaverroes.juntadeandalucia.es\/ceipblasinfanteps\/files\/2025\/05\/EI-3-anos-1.jpeg 908w\" sizes=\"(max-width: 768px) 100vw, 768px\" \/>\t\t\t\t\t\t\t\t\t\t\t\t\t\t\t<\/div>\n\t\t\t\t<\/div>\n\t\t\t\t\t<\/div>\n\t\t<\/div>\n\t\t\t\t<div class=\"elementor-column elementor-col-50 elementor-top-column elementor-element elementor-element-883a038\" data-id=\"883a038\" data-element_type=\"column\">\n\t\t\t<div class=\"elementor-widget-wrap elementor-element-populated\">\n\t\t\t\t\t\t<div class=\"elementor-element elementor-element-321bdd7 elementor-widget elementor-widget-image\" data-id=\"321bdd7\" data-element_type=\"widget\" data-widget_type=\"image.default\">\n\t\t\t\t<div class=\"elementor-widget-container\">\n\t\t\t\t\t\t\t\t\t\t\t\t\t\t\t<img loading=\"lazy\" decoding=\"async\" width=\"768\" height=\"900\" src=\"https:\/\/blogsaverroes.juntadeandalucia.es\/ceipblasinfanteps\/files\/2025\/05\/EI-3-anos2-1-768x900.jpeg\" class=\"attachment-medium_large size-medium_large wp-image-4870\" alt=\"\" srcset=\"https:\/\/blogsaverroes.juntadeandalucia.es\/ceipblasinfanteps\/files\/2025\/05\/EI-3-anos2-1-768x900.jpeg 768w, https:\/\/blogsaverroes.juntadeandalucia.es\/ceipblasinfanteps\/files\/2025\/05\/EI-3-anos2-1-256x300.jpeg 256w, https:\/\/blogsaverroes.juntadeandalucia.es\/ceipblasinfanteps\/files\/2025\/05\/EI-3-anos2-1-874x1024.jpeg 874w, https:\/\/blogsaverroes.juntadeandalucia.es\/ceipblasinfanteps\/files\/2025\/05\/EI-3-anos2-1.jpeg 908w\" sizes=\"(max-width: 768px) 100vw, 768px\" \/>\t\t\t\t\t\t\t\t\t\t\t\t\t\t\t<\/div>\n\t\t\t\t<\/div>\n\t\t\t\t\t<\/div>\n\t\t<\/div>\n\t\t\t\t\t<\/div>\n\t\t<\/section>\n\t\t\t\t<section class=\"elementor-section elementor-top-section elementor-element elementor-element-42da770 elementor-section-boxed elementor-section-height-default elementor-section-height-default\" data-id=\"42da770\" data-element_type=\"section\">\n\t\t\t\t\t\t<div class=\"elementor-container elementor-column-gap-default\">\n\t\t\t\t\t<div class=\"elementor-column elementor-col-50 elementor-top-column elementor-element elementor-element-7cf448c\" data-id=\"7cf448c\" data-element_type=\"column\">\n\t\t\t<div class=\"elementor-widget-wrap elementor-element-populated\">\n\t\t\t\t\t\t<div class=\"elementor-element elementor-element-e962af1 elementor-widget elementor-widget-image\" data-id=\"e962af1\" data-element_type=\"widget\" data-widget_type=\"image.default\">\n\t\t\t\t<div class=\"elementor-widget-container\">\n\t\t\t\t\t\t\t\t\t\t\t\t\t\t\t<img loading=\"lazy\" decoding=\"async\" width=\"768\" height=\"893\" src=\"https:\/\/blogsaverroes.juntadeandalucia.es\/ceipblasinfanteps\/files\/2025\/05\/EI-5-anos1-768x893.jpeg\" class=\"attachment-medium_large size-medium_large wp-image-4862\" alt=\"\" srcset=\"https:\/\/blogsaverroes.juntadeandalucia.es\/ceipblasinfanteps\/files\/2025\/05\/EI-5-anos1-768x893.jpeg 768w, https:\/\/blogsaverroes.juntadeandalucia.es\/ceipblasinfanteps\/files\/2025\/05\/EI-5-anos1-258x300.jpeg 258w, https:\/\/blogsaverroes.juntadeandalucia.es\/ceipblasinfanteps\/files\/2025\/05\/EI-5-anos1-880x1024.jpeg 880w, https:\/\/blogsaverroes.juntadeandalucia.es\/ceipblasinfanteps\/files\/2025\/05\/EI-5-anos1.jpeg 1200w\" sizes=\"(max-width: 768px) 100vw, 768px\" \/>\t\t\t\t\t\t\t\t\t\t\t\t\t\t\t<\/div>\n\t\t\t\t<\/div>\n\t\t\t\t\t<\/div>\n\t\t<\/div>\n\t\t\t\t<div class=\"elementor-column elementor-col-50 elementor-top-column elementor-element elementor-element-0417d32\" data-id=\"0417d32\" data-element_type=\"column\">\n\t\t\t<div class=\"elementor-widget-wrap elementor-element-populated\">\n\t\t\t\t\t\t<div class=\"elementor-element elementor-element-39f4555 elementor-widget elementor-widget-image\" data-id=\"39f4555\" data-element_type=\"widget\" data-widget_type=\"image.default\">\n\t\t\t\t<div class=\"elementor-widget-container\">\n\t\t\t\t\t\t\t\t\t\t\t\t\t\t\t<img loading=\"lazy\" decoding=\"async\" width=\"768\" height=\"796\" src=\"https:\/\/blogsaverroes.juntadeandalucia.es\/ceipblasinfanteps\/files\/2025\/05\/EI-5-anos2-768x796.jpeg\" class=\"attachment-medium_large size-medium_large wp-image-4863\" alt=\"\" srcset=\"https:\/\/blogsaverroes.juntadeandalucia.es\/ceipblasinfanteps\/files\/2025\/05\/EI-5-anos2-768x796.jpeg 768w, https:\/\/blogsaverroes.juntadeandalucia.es\/ceipblasinfanteps\/files\/2025\/05\/EI-5-anos2-290x300.jpeg 290w, https:\/\/blogsaverroes.juntadeandalucia.es\/ceipblasinfanteps\/files\/2025\/05\/EI-5-anos2-989x1024.jpeg 989w, https:\/\/blogsaverroes.juntadeandalucia.es\/ceipblasinfanteps\/files\/2025\/05\/EI-5-anos2.jpeg 1200w\" sizes=\"(max-width: 768px) 100vw, 768px\" \/>\t\t\t\t\t\t\t\t\t\t\t\t\t\t\t<\/div>\n\t\t\t\t<\/div>\n\t\t\t\t\t<\/div>\n\t\t<\/div>\n\t\t\t\t\t<\/div>\n\t\t<\/section>\n\t\t\t\t<section class=\"elementor-section elementor-top-section elementor-element elementor-element-dc1f717 elementor-section-boxed elementor-section-height-default elementor-section-height-default\" data-id=\"dc1f717\" data-element_type=\"section\">\n\t\t\t\t\t\t<div class=\"elementor-container elementor-column-gap-default\">\n\t\t\t\t\t<div class=\"elementor-column elementor-col-50 elementor-top-column elementor-element elementor-element-3b1d779\" data-id=\"3b1d779\" data-element_type=\"column\">\n\t\t\t<div class=\"elementor-widget-wrap elementor-element-populated\">\n\t\t\t\t\t\t<div class=\"elementor-element elementor-element-8d099d9 elementor-widget elementor-widget-image\" data-id=\"8d099d9\" data-element_type=\"widget\" data-widget_type=\"image.default\">\n\t\t\t\t<div class=\"elementor-widget-container\">\n\t\t\t\t\t\t\t\t\t\t\t\t\t\t\t<img loading=\"lazy\" decoding=\"async\" width=\"768\" height=\"808\" src=\"https:\/\/blogsaverroes.juntadeandalucia.es\/ceipblasinfanteps\/files\/2025\/05\/EI-5-anos-3-768x808.jpeg\" class=\"attachment-medium_large size-medium_large wp-image-4860\" alt=\"\" srcset=\"https:\/\/blogsaverroes.juntadeandalucia.es\/ceipblasinfanteps\/files\/2025\/05\/EI-5-anos-3-768x808.jpeg 768w, https:\/\/blogsaverroes.juntadeandalucia.es\/ceipblasinfanteps\/files\/2025\/05\/EI-5-anos-3-285x300.jpeg 285w, https:\/\/blogsaverroes.juntadeandalucia.es\/ceipblasinfanteps\/files\/2025\/05\/EI-5-anos-3-973x1024.jpeg 973w, https:\/\/blogsaverroes.juntadeandalucia.es\/ceipblasinfanteps\/files\/2025\/05\/EI-5-anos-3.jpeg 1200w\" sizes=\"(max-width: 768px) 100vw, 768px\" \/>\t\t\t\t\t\t\t\t\t\t\t\t\t\t\t<\/div>\n\t\t\t\t<\/div>\n\t\t\t\t\t<\/div>\n\t\t<\/div>\n\t\t\t\t<div class=\"elementor-column elementor-col-50 elementor-top-column elementor-element elementor-element-ae4aaab\" data-id=\"ae4aaab\" data-element_type=\"column\">\n\t\t\t<div class=\"elementor-widget-wrap elementor-element-populated\">\n\t\t\t\t\t\t<div class=\"elementor-element elementor-element-a80b572 elementor-widget elementor-widget-image\" data-id=\"a80b572\" data-element_type=\"widget\" data-widget_type=\"image.default\">\n\t\t\t\t<div class=\"elementor-widget-container\">\n\t\t\t\t\t\t\t\t\t\t\t\t\t\t\t<img loading=\"lazy\" decoding=\"async\" width=\"1024\" height=\"594\" src=\"https:\/\/blogsaverroes.juntadeandalucia.es\/ceipblasinfanteps\/files\/2025\/05\/EI-3-anos5-1024x594.jpeg\" class=\"attachment-large size-large wp-image-4868\" alt=\"\" srcset=\"https:\/\/blogsaverroes.juntadeandalucia.es\/ceipblasinfanteps\/files\/2025\/05\/EI-3-anos5-1024x594.jpeg 1024w, https:\/\/blogsaverroes.juntadeandalucia.es\/ceipblasinfanteps\/files\/2025\/05\/EI-3-anos5-300x174.jpeg 300w, https:\/\/blogsaverroes.juntadeandalucia.es\/ceipblasinfanteps\/files\/2025\/05\/EI-3-anos5-768x445.jpeg 768w, https:\/\/blogsaverroes.juntadeandalucia.es\/ceipblasinfanteps\/files\/2025\/05\/EI-3-anos5-1536x891.jpeg 1536w, https:\/\/blogsaverroes.juntadeandalucia.es\/ceipblasinfanteps\/files\/2025\/05\/EI-3-anos5.jpeg 1566w\" sizes=\"(max-width: 1024px) 100vw, 1024px\" \/>\t\t\t\t\t\t\t\t\t\t\t\t\t\t\t<\/div>\n\t\t\t\t<\/div>\n\t\t\t\t\t<\/div>\n\t\t<\/div>\n\t\t\t\t\t<\/div>\n\t\t<\/section>\n\t\t\t\t<section class=\"elementor-section elementor-top-section elementor-element elementor-element-fd9b65c elementor-section-boxed elementor-section-height-default elementor-section-height-default\" data-id=\"fd9b65c\" data-element_type=\"section\">\n\t\t\t\t\t\t<div class=\"elementor-container elementor-column-gap-default\">\n\t\t\t\t\t<div class=\"elementor-column elementor-col-100 elementor-top-column elementor-element elementor-element-c25baea\" data-id=\"c25baea\" data-element_type=\"column\">\n\t\t\t<div class=\"elementor-widget-wrap elementor-element-populated\">\n\t\t\t\t\t\t<div class=\"elementor-element elementor-element-2232997 elementor-widget elementor-widget-image\" data-id=\"2232997\" data-element_type=\"widget\" data-widget_type=\"image.default\">\n\t\t\t\t<div class=\"elementor-widget-container\">\n\t\t\t\t\t\t\t\t\t\t\t\t\t\t\t<img loading=\"lazy\" decoding=\"async\" width=\"768\" height=\"335\" src=\"https:\/\/blogsaverroes.juntadeandalucia.es\/ceipblasinfanteps\/files\/2025\/05\/EI-3-anos-768x335.jpeg\" class=\"attachment-medium_large size-medium_large wp-image-4859\" alt=\"\" srcset=\"https:\/\/blogsaverroes.juntadeandalucia.es\/ceipblasinfanteps\/files\/2025\/05\/EI-3-anos-768x335.jpeg 768w, https:\/\/blogsaverroes.juntadeandalucia.es\/ceipblasinfanteps\/files\/2025\/05\/EI-3-anos-300x131.jpeg 300w, https:\/\/blogsaverroes.juntadeandalucia.es\/ceipblasinfanteps\/files\/2025\/05\/EI-3-anos-1024x446.jpeg 1024w, https:\/\/blogsaverroes.juntadeandalucia.es\/ceipblasinfanteps\/files\/2025\/05\/EI-3-anos.jpeg 1388w\" sizes=\"(max-width: 768px) 100vw, 768px\" \/>\t\t\t\t\t\t\t\t\t\t\t\t\t\t\t<\/div>\n\t\t\t\t<\/div>\n\t\t\t\t<div class=\"elementor-element elementor-element-1c06bb4 elementor-widget elementor-widget-image\" data-id=\"1c06bb4\" data-element_type=\"widget\" data-widget_type=\"image.default\">\n\t\t\t\t<div class=\"elementor-widget-container\">\n\t\t\t\t\t\t\t\t\t\t\t\t\t\t\t<img loading=\"lazy\" decoding=\"async\" width=\"768\" height=\"450\" src=\"https:\/\/blogsaverroes.juntadeandalucia.es\/ceipblasinfanteps\/files\/2025\/05\/WhatsApp-Image-2025-05-09-at-8.37.47-AM-768x450.jpeg\" class=\"attachment-medium_large size-medium_large wp-image-4881\" alt=\"\" srcset=\"https:\/\/blogsaverroes.juntadeandalucia.es\/ceipblasinfanteps\/files\/2025\/05\/WhatsApp-Image-2025-05-09-at-8.37.47-AM-768x450.jpeg 768w, https:\/\/blogsaverroes.juntadeandalucia.es\/ceipblasinfanteps\/files\/2025\/05\/WhatsApp-Image-2025-05-09-at-8.37.47-AM-300x176.jpeg 300w, https:\/\/blogsaverroes.juntadeandalucia.es\/ceipblasinfanteps\/files\/2025\/05\/WhatsApp-Image-2025-05-09-at-8.37.47-AM-1024x600.jpeg 1024w, https:\/\/blogsaverroes.juntadeandalucia.es\/ceipblasinfanteps\/files\/2025\/05\/WhatsApp-Image-2025-05-09-at-8.37.47-AM-1536x900.jpeg 1536w, https:\/\/blogsaverroes.juntadeandalucia.es\/ceipblasinfanteps\/files\/2025\/05\/WhatsApp-Image-2025-05-09-at-8.37.47-AM.jpeg 1600w\" sizes=\"(max-width: 768px) 100vw, 768px\" \/>\t\t\t\t\t\t\t\t\t\t\t\t\t\t\t<\/div>\n\t\t\t\t<\/div>\n\t\t\t\t<div class=\"elementor-element elementor-element-de06eee elementor-widget elementor-widget-image\" data-id=\"de06eee\" data-element_type=\"widget\" data-widget_type=\"image.default\">\n\t\t\t\t<div class=\"elementor-widget-container\">\n\t\t\t\t\t\t\t\t\t\t\t\t\t\t\t<img loading=\"lazy\" decoding=\"async\" width=\"768\" height=\"410\" src=\"https:\/\/blogsaverroes.juntadeandalucia.es\/ceipblasinfanteps\/files\/2025\/05\/Ei-5-anos-768x410.jpeg\" class=\"attachment-medium_large size-medium_large wp-image-4861\" alt=\"\" srcset=\"https:\/\/blogsaverroes.juntadeandalucia.es\/ceipblasinfanteps\/files\/2025\/05\/Ei-5-anos-768x410.jpeg 768w, https:\/\/blogsaverroes.juntadeandalucia.es\/ceipblasinfanteps\/files\/2025\/05\/Ei-5-anos-300x160.jpeg 300w, https:\/\/blogsaverroes.juntadeandalucia.es\/ceipblasinfanteps\/files\/2025\/05\/Ei-5-anos-1024x546.jpeg 1024w, https:\/\/blogsaverroes.juntadeandalucia.es\/ceipblasinfanteps\/files\/2025\/05\/Ei-5-anos.jpeg 1442w\" sizes=\"(max-width: 768px) 100vw, 768px\" \/>\t\t\t\t\t\t\t\t\t\t\t\t\t\t\t<\/div>\n\t\t\t\t<\/div>\n\t\t\t\t\t<\/div>\n\t\t<\/div>\n\t\t\t\t\t<\/div>\n\t\t<\/section>\n\t\t\t\t<section class=\"elementor-section elementor-top-section elementor-element elementor-element-f09aacb elementor-section-boxed elementor-section-height-default elementor-section-height-default\" data-id=\"f09aacb\" data-element_type=\"section\">\n\t\t\t\t\t\t<div class=\"elementor-container elementor-column-gap-default\">\n\t\t\t\t\t<div class=\"elementor-column elementor-col-100 elementor-top-column elementor-element elementor-element-ea83744\" data-id=\"ea83744\" data-element_type=\"column\">\n\t\t\t<div class=\"elementor-widget-wrap elementor-element-populated\">\n\t\t\t\t\t\t<div class=\"elementor-element elementor-element-baf2b1b elementor-widget elementor-widget-image\" data-id=\"baf2b1b\" data-element_type=\"widget\" data-widget_type=\"image.default\">\n\t\t\t\t<div class=\"elementor-widget-container\">\n\t\t\t\t\t\t\t\t\t\t\t\t\t\t\t<img loading=\"lazy\" decoding=\"async\" width=\"768\" height=\"290\" src=\"https:\/\/blogsaverroes.juntadeandalucia.es\/ceipblasinfanteps\/files\/2025\/05\/WhatsApp-Image-2025-05-09-at-8.36.37-AM-768x290.jpeg\" class=\"attachment-medium_large size-medium_large wp-image-4880\" alt=\"\" srcset=\"https:\/\/blogsaverroes.juntadeandalucia.es\/ceipblasinfanteps\/files\/2025\/05\/WhatsApp-Image-2025-05-09-at-8.36.37-AM-768x290.jpeg 768w, https:\/\/blogsaverroes.juntadeandalucia.es\/ceipblasinfanteps\/files\/2025\/05\/WhatsApp-Image-2025-05-09-at-8.36.37-AM-300x113.jpeg 300w, https:\/\/blogsaverroes.juntadeandalucia.es\/ceipblasinfanteps\/files\/2025\/05\/WhatsApp-Image-2025-05-09-at-8.36.37-AM-1024x387.jpeg 1024w, https:\/\/blogsaverroes.juntadeandalucia.es\/ceipblasinfanteps\/files\/2025\/05\/WhatsApp-Image-2025-05-09-at-8.36.37-AM-1536x581.jpeg 1536w, https:\/\/blogsaverroes.juntadeandalucia.es\/ceipblasinfanteps\/files\/2025\/05\/WhatsApp-Image-2025-05-09-at-8.36.37-AM.jpeg 1600w\" sizes=\"(max-width: 768px) 100vw, 768px\" \/>\t\t\t\t\t\t\t\t\t\t\t\t\t\t\t<\/div>\n\t\t\t\t<\/div>\n\t\t\t\t\t<\/div>\n\t\t<\/div>\n\t\t\t\t\t<\/div>\n\t\t<\/section>\n\t\t\t\t<section class=\"elementor-section elementor-top-section elementor-element elementor-element-48ec8fd elementor-section-boxed elementor-section-height-default elementor-section-height-default\" data-id=\"48ec8fd\" data-element_type=\"section\">\n\t\t\t\t\t\t<div class=\"elementor-container elementor-column-gap-default\">\n\t\t\t\t\t<div class=\"elementor-column elementor-col-100 elementor-top-column elementor-element elementor-element-f035006\" data-id=\"f035006\" data-element_type=\"column\">\n\t\t\t<div class=\"elementor-widget-wrap elementor-element-populated\">\n\t\t\t\t\t\t<div class=\"elementor-element elementor-element-4d6154b elementor-widget elementor-widget-image\" data-id=\"4d6154b\" data-element_type=\"widget\" data-widget_type=\"image.default\">\n\t\t\t\t<div class=\"elementor-widget-container\">\n\t\t\t\t\t\t\t\t\t\t\t\t\t\t\t<img loading=\"lazy\" decoding=\"async\" width=\"768\" height=\"453\" src=\"https:\/\/blogsaverroes.juntadeandalucia.es\/ceipblasinfanteps\/files\/2025\/05\/WhatsApp-Image-2025-04-29-at-10.27.30-AM-2-768x453.jpeg\" class=\"attachment-medium_large size-medium_large wp-image-4845\" alt=\"\" srcset=\"https:\/\/blogsaverroes.juntadeandalucia.es\/ceipblasinfanteps\/files\/2025\/05\/WhatsApp-Image-2025-04-29-at-10.27.30-AM-2-768x453.jpeg 768w, https:\/\/blogsaverroes.juntadeandalucia.es\/ceipblasinfanteps\/files\/2025\/05\/WhatsApp-Image-2025-04-29-at-10.27.30-AM-2-300x177.jpeg 300w, https:\/\/blogsaverroes.juntadeandalucia.es\/ceipblasinfanteps\/files\/2025\/05\/WhatsApp-Image-2025-04-29-at-10.27.30-AM-2-1024x605.jpeg 1024w, https:\/\/blogsaverroes.juntadeandalucia.es\/ceipblasinfanteps\/files\/2025\/05\/WhatsApp-Image-2025-04-29-at-10.27.30-AM-2.jpeg 1492w\" sizes=\"(max-width: 768px) 100vw, 768px\" \/>\t\t\t\t\t\t\t\t\t\t\t\t\t\t\t<\/div>\n\t\t\t\t<\/div>\n\t\t\t\t<div class=\"elementor-element elementor-element-030836d elementor-widget elementor-widget-image\" data-id=\"030836d\" data-element_type=\"widget\" data-widget_type=\"image.default\">\n\t\t\t\t<div class=\"elementor-widget-container\">\n\t\t\t\t\t\t\t\t\t\t\t\t\t\t\t<img loading=\"lazy\" decoding=\"async\" width=\"768\" height=\"576\" src=\"https:\/\/blogsaverroes.juntadeandalucia.es\/ceipblasinfanteps\/files\/2025\/05\/WhatsApp-Image-2025-04-29-at-10.27.30-AM-768x576.jpeg\" class=\"attachment-medium_large size-medium_large wp-image-4829\" alt=\"\" srcset=\"https:\/\/blogsaverroes.juntadeandalucia.es\/ceipblasinfanteps\/files\/2025\/05\/WhatsApp-Image-2025-04-29-at-10.27.30-AM-768x576.jpeg 768w, https:\/\/blogsaverroes.juntadeandalucia.es\/ceipblasinfanteps\/files\/2025\/05\/WhatsApp-Image-2025-04-29-at-10.27.30-AM-300x225.jpeg 300w, https:\/\/blogsaverroes.juntadeandalucia.es\/ceipblasinfanteps\/files\/2025\/05\/WhatsApp-Image-2025-04-29-at-10.27.30-AM-1024x768.jpeg 1024w, https:\/\/blogsaverroes.juntadeandalucia.es\/ceipblasinfanteps\/files\/2025\/05\/WhatsApp-Image-2025-04-29-at-10.27.30-AM-1536x1152.jpeg 1536w, https:\/\/blogsaverroes.juntadeandalucia.es\/ceipblasinfanteps\/files\/2025\/05\/WhatsApp-Image-2025-04-29-at-10.27.30-AM.jpeg 1600w\" sizes=\"(max-width: 768px) 100vw, 768px\" \/>\t\t\t\t\t\t\t\t\t\t\t\t\t\t\t<\/div>\n\t\t\t\t<\/div>\n\t\t\t\t\t<\/div>\n\t\t<\/div>\n\t\t\t\t\t<\/div>\n\t\t<\/section>\n\t\t\t\t<section class=\"elementor-section elementor-top-section elementor-element elementor-element-f818c0d elementor-section-boxed elementor-section-height-default elementor-section-height-default\" data-id=\"f818c0d\" data-element_type=\"section\">\n\t\t\t\t\t\t<div class=\"elementor-container elementor-column-gap-default\">\n\t\t\t\t\t<div class=\"elementor-column elementor-col-100 elementor-top-column elementor-element elementor-element-158d990\" data-id=\"158d990\" data-element_type=\"column\">\n\t\t\t<div class=\"elementor-widget-wrap elementor-element-populated\">\n\t\t\t\t\t\t<div class=\"elementor-element elementor-element-917c88f elementor-widget elementor-widget-image\" data-id=\"917c88f\" data-element_type=\"widget\" data-widget_type=\"image.default\">\n\t\t\t\t<div class=\"elementor-widget-container\">\n\t\t\t\t\t\t\t\t\t\t\t\t\t\t\t<img loading=\"lazy\" decoding=\"async\" width=\"768\" height=\"566\" src=\"https:\/\/blogsaverroes.juntadeandalucia.es\/ceipblasinfanteps\/files\/2025\/05\/3o-B-768x566.jpeg\" class=\"attachment-medium_large size-medium_large wp-image-4851\" alt=\"\" srcset=\"https:\/\/blogsaverroes.juntadeandalucia.es\/ceipblasinfanteps\/files\/2025\/05\/3o-B-768x566.jpeg 768w, https:\/\/blogsaverroes.juntadeandalucia.es\/ceipblasinfanteps\/files\/2025\/05\/3o-B-300x221.jpeg 300w, https:\/\/blogsaverroes.juntadeandalucia.es\/ceipblasinfanteps\/files\/2025\/05\/3o-B.jpeg 888w\" sizes=\"(max-width: 768px) 100vw, 768px\" \/>\t\t\t\t\t\t\t\t\t\t\t\t\t\t\t<\/div>\n\t\t\t\t<\/div>\n\t\t\t\t\t<\/div>\n\t\t<\/div>\n\t\t\t\t\t<\/div>\n\t\t<\/section>\n\t\t\t\t<section class=\"elementor-section elementor-top-section elementor-element elementor-element-9aef51d elementor-section-boxed elementor-section-height-default elementor-section-height-default\" data-id=\"9aef51d\" data-element_type=\"section\">\n\t\t\t\t\t\t<div class=\"elementor-container elementor-column-gap-default\">\n\t\t\t\t\t<div class=\"elementor-column elementor-col-100 elementor-top-column elementor-element elementor-element-215c121\" data-id=\"215c121\" data-element_type=\"column\">\n\t\t\t<div class=\"elementor-widget-wrap elementor-element-populated\">\n\t\t\t\t\t\t<div class=\"elementor-element elementor-element-09ccb7a elementor-widget elementor-widget-image\" data-id=\"09ccb7a\" data-element_type=\"widget\" data-widget_type=\"image.default\">\n\t\t\t\t<div class=\"elementor-widget-container\">\n\t\t\t\t\t\t\t\t\t\t\t\t\t\t\t<img loading=\"lazy\" decoding=\"async\" width=\"768\" height=\"576\" src=\"https:\/\/blogsaverroes.juntadeandalucia.es\/ceipblasinfanteps\/files\/2025\/05\/WhatsApp-Image-2025-04-29-at-10.27.28-AM-1-768x576.jpeg\" class=\"attachment-medium_large size-medium_large wp-image-4838\" alt=\"\" srcset=\"https:\/\/blogsaverroes.juntadeandalucia.es\/ceipblasinfanteps\/files\/2025\/05\/WhatsApp-Image-2025-04-29-at-10.27.28-AM-1-768x576.jpeg 768w, https:\/\/blogsaverroes.juntadeandalucia.es\/ceipblasinfanteps\/files\/2025\/05\/WhatsApp-Image-2025-04-29-at-10.27.28-AM-1-300x225.jpeg 300w, https:\/\/blogsaverroes.juntadeandalucia.es\/ceipblasinfanteps\/files\/2025\/05\/WhatsApp-Image-2025-04-29-at-10.27.28-AM-1-1024x768.jpeg 1024w, https:\/\/blogsaverroes.juntadeandalucia.es\/ceipblasinfanteps\/files\/2025\/05\/WhatsApp-Image-2025-04-29-at-10.27.28-AM-1-1536x1152.jpeg 1536w, https:\/\/blogsaverroes.juntadeandalucia.es\/ceipblasinfanteps\/files\/2025\/05\/WhatsApp-Image-2025-04-29-at-10.27.28-AM-1.jpeg 1600w\" sizes=\"(max-width: 768px) 100vw, 768px\" \/>\t\t\t\t\t\t\t\t\t\t\t\t\t\t\t<\/div>\n\t\t\t\t<\/div>\n\t\t\t\t<div class=\"elementor-element elementor-element-fe15127 elementor-widget elementor-widget-image\" data-id=\"fe15127\" data-element_type=\"widget\" data-widget_type=\"image.default\">\n\t\t\t\t<div class=\"elementor-widget-container\">\n\t\t\t\t\t\t\t\t\t\t\t\t\t\t\t<img loading=\"lazy\" decoding=\"async\" width=\"768\" height=\"576\" src=\"https:\/\/blogsaverroes.juntadeandalucia.es\/ceipblasinfanteps\/files\/2025\/05\/WhatsApp-Image-2025-04-29-at-10.27.17-AM-768x576.jpeg\" class=\"attachment-medium_large size-medium_large wp-image-4826\" alt=\"\" srcset=\"https:\/\/blogsaverroes.juntadeandalucia.es\/ceipblasinfanteps\/files\/2025\/05\/WhatsApp-Image-2025-04-29-at-10.27.17-AM-768x576.jpeg 768w, https:\/\/blogsaverroes.juntadeandalucia.es\/ceipblasinfanteps\/files\/2025\/05\/WhatsApp-Image-2025-04-29-at-10.27.17-AM-300x225.jpeg 300w, https:\/\/blogsaverroes.juntadeandalucia.es\/ceipblasinfanteps\/files\/2025\/05\/WhatsApp-Image-2025-04-29-at-10.27.17-AM-1024x768.jpeg 1024w, https:\/\/blogsaverroes.juntadeandalucia.es\/ceipblasinfanteps\/files\/2025\/05\/WhatsApp-Image-2025-04-29-at-10.27.17-AM-1536x1152.jpeg 1536w, https:\/\/blogsaverroes.juntadeandalucia.es\/ceipblasinfanteps\/files\/2025\/05\/WhatsApp-Image-2025-04-29-at-10.27.17-AM.jpeg 1600w\" sizes=\"(max-width: 768px) 100vw, 768px\" \/>\t\t\t\t\t\t\t\t\t\t\t\t\t\t\t<\/div>\n\t\t\t\t<\/div>\n\t\t\t\t\t<\/div>\n\t\t<\/div>\n\t\t\t\t\t<\/div>\n\t\t<\/section>\n\t\t\t\t<section class=\"elementor-section elementor-top-section elementor-element elementor-element-25f2051 elementor-section-boxed elementor-section-height-default elementor-section-height-default\" data-id=\"25f2051\" data-element_type=\"section\">\n\t\t\t\t\t\t<div class=\"elementor-container elementor-column-gap-default\">\n\t\t\t\t\t<div class=\"elementor-column elementor-col-100 elementor-top-column elementor-element elementor-element-4f7c08a\" data-id=\"4f7c08a\" data-element_type=\"column\">\n\t\t\t<div class=\"elementor-widget-wrap elementor-element-populated\">\n\t\t\t\t\t\t<div class=\"elementor-element elementor-element-1a6cdba elementor-widget elementor-widget-image\" data-id=\"1a6cdba\" data-element_type=\"widget\" data-widget_type=\"image.default\">\n\t\t\t\t<div class=\"elementor-widget-container\">\n\t\t\t\t\t\t\t\t\t\t\t\t\t\t\t<img loading=\"lazy\" decoding=\"async\" width=\"768\" height=\"576\" src=\"https:\/\/blogsaverroes.juntadeandalucia.es\/ceipblasinfanteps\/files\/2025\/05\/WhatsApp-Image-2025-04-29-at-10.27.11-AM-768x576.jpeg\" class=\"attachment-medium_large size-medium_large wp-image-4825\" alt=\"\" srcset=\"https:\/\/blogsaverroes.juntadeandalucia.es\/ceipblasinfanteps\/files\/2025\/05\/WhatsApp-Image-2025-04-29-at-10.27.11-AM-768x576.jpeg 768w, https:\/\/blogsaverroes.juntadeandalucia.es\/ceipblasinfanteps\/files\/2025\/05\/WhatsApp-Image-2025-04-29-at-10.27.11-AM-300x225.jpeg 300w, https:\/\/blogsaverroes.juntadeandalucia.es\/ceipblasinfanteps\/files\/2025\/05\/WhatsApp-Image-2025-04-29-at-10.27.11-AM-1024x768.jpeg 1024w, https:\/\/blogsaverroes.juntadeandalucia.es\/ceipblasinfanteps\/files\/2025\/05\/WhatsApp-Image-2025-04-29-at-10.27.11-AM-1536x1152.jpeg 1536w, https:\/\/blogsaverroes.juntadeandalucia.es\/ceipblasinfanteps\/files\/2025\/05\/WhatsApp-Image-2025-04-29-at-10.27.11-AM.jpeg 1600w\" sizes=\"(max-width: 768px) 100vw, 768px\" \/>\t\t\t\t\t\t\t\t\t\t\t\t\t\t\t<\/div>\n\t\t\t\t<\/div>\n\t\t\t\t\t<\/div>\n\t\t<\/div>\n\t\t\t\t\t<\/div>\n\t\t<\/section>\n\t\t\t\t<section class=\"elementor-section elementor-top-section elementor-element elementor-element-7e12302 elementor-section-boxed elementor-section-height-default elementor-section-height-default\" data-id=\"7e12302\" data-element_type=\"section\">\n\t\t\t\t\t\t<div class=\"elementor-container elementor-column-gap-default\">\n\t\t\t\t\t<div class=\"elementor-column elementor-col-100 elementor-top-column elementor-element elementor-element-008e1cf\" data-id=\"008e1cf\" data-element_type=\"column\">\n\t\t\t<div class=\"elementor-widget-wrap elementor-element-populated\">\n\t\t\t\t\t\t<div class=\"elementor-element elementor-element-3a90b62 elementor-widget elementor-widget-image\" data-id=\"3a90b62\" data-element_type=\"widget\" data-widget_type=\"image.default\">\n\t\t\t\t<div class=\"elementor-widget-container\">\n\t\t\t\t\t\t\t\t\t\t\t\t\t\t\t<img loading=\"lazy\" decoding=\"async\" width=\"768\" height=\"427\" src=\"https:\/\/blogsaverroes.juntadeandalucia.es\/ceipblasinfanteps\/files\/2025\/05\/WhatsApp-Image-2025-04-29-at-10.26.44-AM-768x427.jpeg\" class=\"attachment-medium_large size-medium_large wp-image-4836\" alt=\"\" srcset=\"https:\/\/blogsaverroes.juntadeandalucia.es\/ceipblasinfanteps\/files\/2025\/05\/WhatsApp-Image-2025-04-29-at-10.26.44-AM-768x427.jpeg 768w, https:\/\/blogsaverroes.juntadeandalucia.es\/ceipblasinfanteps\/files\/2025\/05\/WhatsApp-Image-2025-04-29-at-10.26.44-AM-300x167.jpeg 300w, https:\/\/blogsaverroes.juntadeandalucia.es\/ceipblasinfanteps\/files\/2025\/05\/WhatsApp-Image-2025-04-29-at-10.26.44-AM-1024x569.jpeg 1024w, https:\/\/blogsaverroes.juntadeandalucia.es\/ceipblasinfanteps\/files\/2025\/05\/WhatsApp-Image-2025-04-29-at-10.26.44-AM-1536x853.jpeg 1536w, https:\/\/blogsaverroes.juntadeandalucia.es\/ceipblasinfanteps\/files\/2025\/05\/WhatsApp-Image-2025-04-29-at-10.26.44-AM.jpeg 1597w\" sizes=\"(max-width: 768px) 100vw, 768px\" \/>\t\t\t\t\t\t\t\t\t\t\t\t\t\t\t<\/div>\n\t\t\t\t<\/div>\n\t\t\t\t\t<\/div>\n\t\t<\/div>\n\t\t\t\t\t<\/div>\n\t\t<\/section>\n\t\t\t\t<\/div>\n\t\t","protected":false},"excerpt":{"rendered":"<p>PROGRAMACI\u00d3N SEMANA DEL LIBRO (21-25 de abril) ACTIVIDAD: FELIZ D\u00cdA DEL LIBRO&nbsp; &nbsp; &nbsp; &nbsp; &nbsp;FECHA: Mi\u00e9rcoles 23 de abril Con motivo de la celebraci\u00f3n del D\u00eda del Libro, el 23 de abril, hemos&nbsp; llevado a cabo a nivel de centro la actividad \u201cFELIZ D\u00cdA DEL LIBRO\u201d que ha consistido en \u201cregalar un libro y [&hellip;]<\/p>\n","protected":false},"author":4075,"featured_media":0,"comment_status":"open","ping_status":"open","sticky":false,"template":"","format":"standard","meta":{"ngg_post_thumbnail":0,"footnotes":""},"categories":[213],"tags":[],"aioseo_notices":[],"post_mailing_queue_ids":[],"_links":{"self":[{"href":"https:\/\/blogsaverroes.juntadeandalucia.es\/ceipblasinfanteps\/wp-json\/wp\/v2\/posts\/4834"}],"collection":[{"href":"https:\/\/blogsaverroes.juntadeandalucia.es\/ceipblasinfanteps\/wp-json\/wp\/v2\/posts"}],"about":[{"href":"https:\/\/blogsaverroes.juntadeandalucia.es\/ceipblasinfanteps\/wp-json\/wp\/v2\/types\/post"}],"author":[{"embeddable":true,"href":"https:\/\/blogsaverroes.juntadeandalucia.es\/ceipblasinfanteps\/wp-json\/wp\/v2\/users\/4075"}],"replies":[{"embeddable":true,"href":"https:\/\/blogsaverroes.juntadeandalucia.es\/ceipblasinfanteps\/wp-json\/wp\/v2\/comments?post=4834"}],"version-history":[{"count":29,"href":"https:\/\/blogsaverroes.juntadeandalucia.es\/ceipblasinfanteps\/wp-json\/wp\/v2\/posts\/4834\/revisions"}],"predecessor-version":[{"id":4891,"href":"https:\/\/blogsaverroes.juntadeandalucia.es\/ceipblasinfanteps\/wp-json\/wp\/v2\/posts\/4834\/revisions\/4891"}],"wp:attachment":[{"href":"https:\/\/blogsaverroes.juntadeandalucia.es\/ceipblasinfanteps\/wp-json\/wp\/v2\/media?parent=4834"}],"wp:term":[{"taxonomy":"category","embeddable":true,"href":"https:\/\/blogsaverroes.juntadeandalucia.es\/ceipblasinfanteps\/wp-json\/wp\/v2\/categories?post=4834"},{"taxonomy":"post_tag","embeddable":true,"href":"https:\/\/blogsaverroes.juntadeandalucia.es\/ceipblasinfanteps\/wp-json\/wp\/v2\/tags?post=4834"}],"curies":[{"name":"wp","href":"https:\/\/api.w.org\/{rel}","templated":true}]}}