{"id":5174,"date":"2025-12-04T18:11:17","date_gmt":"2025-12-04T18:11:17","guid":{"rendered":"https:\/\/blogsaverroes.juntadeandalucia.es\/ceipblasinfanteps\/?p=5174"},"modified":"2025-12-04T18:12:04","modified_gmt":"2025-12-04T18:12:04","slug":"25-n","status":"publish","type":"post","link":"https:\/\/blogsaverroes.juntadeandalucia.es\/ceipblasinfanteps\/2025\/12\/25-n\/","title":{"rendered":"25 N"},"content":{"rendered":"\t\t<div data-elementor-type=\"wp-post\" data-elementor-id=\"5174\" class=\"elementor elementor-5174\">\n\t\t\t\t\t\t<section class=\"elementor-section elementor-top-section elementor-element elementor-element-7bca4b5 elementor-section-boxed elementor-section-height-default elementor-section-height-default\" data-id=\"7bca4b5\" data-element_type=\"section\">\n\t\t\t\t\t\t<div class=\"elementor-container elementor-column-gap-default\">\n\t\t\t\t\t<div class=\"elementor-column elementor-col-100 elementor-top-column elementor-element elementor-element-4b1f2da\" data-id=\"4b1f2da\" data-element_type=\"column\">\n\t\t\t<div class=\"elementor-widget-wrap elementor-element-populated\">\n\t\t\t\t\t\t<div class=\"elementor-element elementor-element-bdb94fa elementor-widget__width-initial elementor-widget elementor-widget-text-editor\" data-id=\"bdb94fa\" data-element_type=\"widget\" data-widget_type=\"text-editor.default\">\n\t\t\t\t<div class=\"elementor-widget-container\">\n\t\t\t\t\t\t\t\t\t<table style=\"width: 741.65pt;margin-left: -21.25pt;border-collapse: collapse;border: none\" border=\"1\" width=\"989\" cellspacing=\"0\" cellpadding=\"0\"><tbody><tr style=\"height: 21.75pt\"><td style=\"width: 741.65pt;border: solid windowtext 1.0pt;background: black;padding: 0cm 5.4pt 0cm 5.4pt;height: 21.75pt\" colspan=\"5\" width=\"989\"><p style=\"margin-bottom: 0cm;text-align: center;line-height: normal\" align=\"center\"><span lang=\"ES-TRAD\" style=\"font-size: 24.0pt;font-family: 'Cooper Black',serif;color: white\">PROGRAMACI\u00d3N 25N<\/span><\/p><\/td><\/tr><tr style=\"height: 32.2pt\"><td style=\"width: 112.8pt;border: solid windowtext 1.0pt;border-top: none;padding: 0cm 5.4pt 0cm 5.4pt;height: 32.2pt\" width=\"150\"><p style=\"margin-bottom: 0cm;text-align: center;line-height: normal\" align=\"center\"><span lang=\"ES-TRAD\" style=\"font-size: 18.0pt;font-family: 'Berlin Sans FB Demi',sans-serif\">CICLO EDUCATIVO<\/span><\/p><\/td><td style=\"width: 128.6pt;border-top: none;border-left: none;border-bottom: solid windowtext 1.0pt;border-right: solid windowtext 1.0pt;background: red;padding: 0cm 5.4pt 0cm 5.4pt;height: 32.2pt\" colspan=\"2\" width=\"171\"><p style=\"margin-bottom: 0cm;text-align: center;line-height: normal\" align=\"center\"><span lang=\"ES-TRAD\" style=\"font-size: 18.0pt;font-family: 'Berlin Sans FB Demi',sans-serif;color: black\">ACTIVIDADES DE CENTRO<\/span><\/p><\/td><td style=\"width: 333.85pt;border-top: none;border-left: none;border-bottom: solid windowtext 1.0pt;border-right: solid windowtext 1.0pt;background: #2F5496;padding: 0cm 5.4pt 0cm 5.4pt;height: 32.2pt\" width=\"445\"><p style=\"margin-bottom: 0cm;text-align: center;line-height: normal\" align=\"center\"><span lang=\"ES-TRAD\" style=\"font-size: 18.0pt;font-family: 'Berlin Sans FB Demi',sans-serif;color: black\">ACTIVIDADES DE CICLO<\/span><\/p><\/td><td style=\"width: 166.4pt;border-top: none;border-left: none;border-bottom: solid windowtext 1.0pt;border-right: solid windowtext 1.0pt;background: #538135;padding: 0cm 5.4pt 0cm 5.4pt;height: 32.2pt\" width=\"222\"><p style=\"margin-bottom: 0cm;text-align: center;line-height: normal\" align=\"center\"><span lang=\"ES-TRAD\" style=\"font-size: 18.0pt;font-family: 'Berlin Sans FB Demi',sans-serif;color: black\">ACTIVIDADES DE AULA<\/span><\/p><\/td><\/tr><tr style=\"height: 35.05pt\"><td style=\"width: 112.8pt;border: solid windowtext 1.0pt;border-top: none;background: yellow;padding: 0cm 5.4pt 0cm 5.4pt;height: 35.05pt\" width=\"150\"><p style=\"margin-bottom: 0cm;text-align: center;line-height: normal\" align=\"center\"><span lang=\"ES-TRAD\" style=\"font-size: 22.0pt;font-family: 'Arial',sans-serif;color: black\">INFANTIL<\/span><\/p><\/td><td style=\"width: 45.65pt;border-top: none;border-left: none;border-bottom: solid windowtext 1.0pt;border-right: solid windowtext 1.0pt;background: #FFE599;padding: 0cm 5.4pt 0cm 5.4pt;height: 35.05pt\" width=\"61\"><p style=\"margin-bottom: 0cm;text-align: center;line-height: normal\" align=\"center\"><span lang=\"ES-TRAD\" style=\"color: black\">9:30<\/span><\/p><\/td><td style=\"width: 82.95pt;border-top: none;border-left: none;border-bottom: solid windowtext 1.0pt;border-right: solid windowtext 1.0pt;background: #FF9F9F;padding: 0cm 5.4pt 0cm 5.4pt;height: 35.05pt\" rowspan=\"4\" width=\"111\"><p style=\"margin-bottom: 0cm;text-align: center;line-height: normal;background-image: initial;background-position: initial;background-size: initial;background-attachment: initial\" align=\"center\"><span lang=\"ES-TRAD\" style=\"font-size: 12.0pt;font-family: 'Arial',sans-serif;color: black\">Creaci\u00f3n de un mural en forma de lazo con las manos violetas. Junto al mural de las diferentes artistas flamencas: bailaoras, cantaoras. . Dirigido a Infantil, 1\u00ba, 2\u00ba y 3\u00ba ciclo.<\/span><\/p><\/td><td style=\"width: 333.85pt;border-top: none;border-left: none;border-bottom: solid windowtext 1.0pt;border-right: solid windowtext 1.0pt;background: #BDD6EE;padding: 0cm 5.4pt 0cm 5.4pt;height: 35.05pt\" width=\"445\"><p style=\"margin-bottom: 0cm;line-height: normal\"><span lang=\"ES-TRAD\" style=\"font-family: 'Arial',sans-serif;color: black\">. Visionado y debate a partir del siguiente v\u00eddeo:<\/span> <span lang=\"ES-TRAD\" style=\"font-family: 'Arial',sans-serif;color: black\">\u201cLos ni\u00f1os contra la violencia de g\u00e9nero\u201d.<\/span><\/p><p style=\"margin-bottom: 0cm;line-height: normal\"><span lang=\"ES-TRAD\" style=\"font-family: 'Arial',sans-serif\">\u00a0<\/span><\/p><p style=\"margin-bottom: 0cm;line-height: normal\"><span lang=\"ES-TRAD\" style=\"color: black\"><a href=\"https:\/\/www.youtube.com\/watch?v=G1BxUFc6upE\"><span style=\"font-size: 12.0pt;font-family: 'Arial',sans-serif\">https:\/\/www.youtube.com\/watch?v=G1BxUFc6upE<\/span><\/a><\/span><\/p><h3 style=\"margin: 0cm;text-indent: 0cm;line-height: normal\"><span lang=\"ES-TRAD\" style=\"font-size: 12.0pt\">\u00a0<\/span><\/h3><\/td><td style=\"width: 166.4pt;border-top: none;border-left: none;border-bottom: solid windowtext 1.0pt;border-right: solid windowtext 1.0pt;background: #C5E0B3;padding: 0cm 5.4pt 0cm 5.4pt;height: 35.05pt\" width=\"222\"><p style=\"margin-bottom: 0cm;text-indent: -18.0pt;line-height: normal\"><!-- [if !supportLists]--><span lang=\"ES-TRAD\" style=\"font-size: 9.0pt;font-family: Symbol\">\u00b7<span style=\"font-size: 7pt;line-height: normal;font-family: 'Times New Roman'\">\u00a0\u00a0\u00a0\u00a0\u00a0\u00a0\u00a0 <\/span><\/span><!--[endif]--><span lang=\"ES-TRAD\" style=\"font-size: 9.0pt;font-family: 'Arial',sans-serif;color: black\">Manualidad: Colorear Tacones.<\/span><\/p><p style=\"margin-bottom: 0cm;text-indent: -18.0pt;line-height: normal\"><!-- [if !supportLists]--><span lang=\"ES-TRAD\" style=\"font-size: 9.0pt;font-family: Symbol\">\u00b7<span style=\"font-size: 7pt;line-height: normal;font-family: 'Times New Roman'\">\u00a0\u00a0\u00a0\u00a0\u00a0\u00a0\u00a0 <\/span><\/span><!--[endif]--><span lang=\"ES-TRAD\" style=\"font-size: 9.0pt;font-family: 'Arial',sans-serif;color: black\">Manos violetas.<\/span><\/p><\/td><\/tr><tr style=\"height: 41.75pt\"><td style=\"width: 112.8pt;border: solid windowtext 1.0pt;border-top: none;background: #C45911;padding: 0cm 5.4pt 0cm 5.4pt;height: 41.75pt\" width=\"150\"><p style=\"margin-bottom: 0cm;text-align: center;line-height: normal\" align=\"center\"><span lang=\"ES-TRAD\" style=\"font-size: 22.0pt;font-family: 'Arial',sans-serif;color: black\">1\u00ba CICLO<\/span><\/p><\/td><td style=\"width: 45.65pt;border-top: none;border-left: none;border-bottom: solid windowtext 1.0pt;border-right: solid windowtext 1.0pt;background: #F4B083;padding: 0cm 5.4pt 0cm 5.4pt;height: 41.75pt\" width=\"61\"><p style=\"margin-bottom: 0cm;text-align: center;line-height: normal\" align=\"center\"><span lang=\"ES-TRAD\" style=\"color: black\">10:30<\/span><\/p><\/td><td style=\"width: 333.85pt;border-top: none;border-left: none;border-bottom: solid windowtext 1.0pt;border-right: solid windowtext 1.0pt;background: #BDD6EE;padding: 0cm 5.4pt 0cm 5.4pt;height: 41.75pt\" width=\"445\"><p style=\"margin-bottom: 0cm;line-height: normal\"><span lang=\"ES-TRAD\" style=\"font-family: 'Arial',sans-serif;color: black\">Visionado y debate a partir del siguiente v\u00eddeo: \u201cLos ni\u00f1os contra la violencia de g\u00e9nero\u201d.<\/span><\/p><p style=\"margin-bottom: 0cm;line-height: normal\"><span lang=\"ES-TRAD\">\u00a0<\/span><\/p><p style=\"margin-bottom: 0cm;line-height: normal\"><span lang=\"ES-TRAD\" style=\"color: black\"><a href=\"https:\/\/www.youtube.com\/watch?v=G1BxUFc6upE\"><span style=\"font-size: 12.0pt\">https:\/\/www.youtube.com\/watch?v=G1BxUFc6upE<\/span><\/a><\/span><\/p><\/td><td style=\"width: 166.4pt;border-top: none;border-left: none;border-bottom: solid windowtext 1.0pt;border-right: solid windowtext 1.0pt;background: #C5E0B3;padding: 0cm 5.4pt 0cm 5.4pt;height: 41.75pt\" width=\"222\"><p style=\"margin-bottom: 0cm;line-height: normal\"><span lang=\"ES-TRAD\" style=\"font-size: 9.0pt;font-family: 'Arial',sans-serif\">\u00a0<\/span><\/p><p style=\"margin-bottom: 0cm;text-indent: -18.0pt;line-height: normal\"><!-- [if !supportLists]--><span lang=\"ES-TRAD\" style=\"font-size: 9.0pt;font-family: Symbol\">\u00b7<span style=\"font-size: 7pt;line-height: normal;font-family: 'Times New Roman'\">\u00a0\u00a0\u00a0\u00a0\u00a0\u00a0\u00a0 <\/span><\/span><!--[endif]--><span lang=\"ES-TRAD\" style=\"font-size: 9.0pt;font-family: 'Arial',sans-serif;color: black\">Manualidad: Recortar, colorear tacones, escribiendo en su interior palabras de apoyo a las mujeres que lucharon y luchan por conseguir sus sue\u00f1os.<\/span><\/p><p style=\"margin-bottom: 0cm;text-indent: -18.0pt;line-height: normal\"><!-- [if !supportLists]--><span lang=\"ES-TRAD\" style=\"font-size: 9.0pt;font-family: Symbol\">\u00b7<span style=\"font-size: 7pt;line-height: normal;font-family: 'Times New Roman'\">\u00a0\u00a0\u00a0\u00a0\u00a0\u00a0\u00a0 <\/span><\/span><!--[endif]--><span lang=\"ES-TRAD\" style=\"font-size: 9.0pt;font-family: 'Arial',sans-serif;color: black\">Manos violetas.<\/span><\/p><\/td><\/tr><tr style=\"height: 40.05pt\"><td style=\"width: 112.8pt;border: solid windowtext 1.0pt;border-top: none;background: #92D050;padding: 0cm 5.4pt 0cm 5.4pt;height: 40.05pt\" width=\"150\"><p style=\"margin-bottom: 0cm;text-align: center;line-height: normal\" align=\"center\"><span lang=\"ES-TRAD\" style=\"font-size: 22.0pt;font-family: 'Arial',sans-serif;color: black\">2\u00ba CICLO<\/span><\/p><\/td><td style=\"width: 45.65pt;border-top: none;border-left: none;border-bottom: solid windowtext 1.0pt;border-right: solid windowtext 1.0pt;background: #C5E0B3;padding: 0cm 5.4pt 0cm 5.4pt;height: 40.05pt\" width=\"61\"><p style=\"margin-bottom: 0cm;text-align: center;line-height: normal\" align=\"center\"><span lang=\"ES-TRAD\" style=\"color: black\">12:15<\/span><\/p><\/td><td style=\"width: 333.85pt;border-top: none;border-left: none;border-bottom: solid windowtext 1.0pt;border-right: solid windowtext 1.0pt;background: #BDD6EE;padding: 0cm 5.4pt 0cm 5.4pt;height: 40.05pt\" width=\"445\"><p style=\"margin-bottom: 0cm;line-height: normal\"><span lang=\"ES-TRAD\" style=\"font-family: 'Arial',sans-serif;color: black\">Visionado y debate a partir de los siguientes v\u00eddeos: \u201c NO EST\u00c1S SOLO\u201d- \u201cCortometraje para la Prevenci\u00f3n de la Violencia de G\u00e9nero\u201d.<\/span><\/p><p style=\"margin-bottom: 0cm;line-height: normal\"><span lang=\"ES-TRAD\" style=\"font-family: 'Arial',sans-serif\">\u00a0<\/span><\/p><p style=\"margin-bottom: 0cm;line-height: normal\"><span lang=\"ES-TRAD\" style=\"color: black\"><a href=\"https:\/\/www.youtube.com\/watch?v=rS1_Bej32Og\">https:\/\/www.youtube.com\/watch?v=rS1_Bej32Og<\/a><\/span><\/p><p style=\"margin-bottom: 0cm;line-height: normal\"><span lang=\"ES-TRAD\" style=\"font-family: 'Arial',sans-serif\">\u00a0<\/span><\/p><p style=\"margin-bottom: 0cm;line-height: normal\"><span lang=\"ES-TRAD\">\u00a0<\/span><\/p><\/td><td style=\"width: 166.4pt;border-top: none;border-left: none;border-bottom: solid windowtext 1.0pt;border-right: solid windowtext 1.0pt;background: #C5E0B3;padding: 0cm 5.4pt 0cm 5.4pt;height: 40.05pt\" width=\"222\"><p style=\"margin-bottom: 0cm;text-indent: -18.0pt;line-height: normal\"><!-- [if !supportLists]--><span lang=\"ES-TRAD\" style=\"font-size: 9.0pt;font-family: Symbol\">\u00b7<span style=\"font-size: 7pt;line-height: normal;font-family: 'Times New Roman'\">\u00a0\u00a0\u00a0\u00a0\u00a0\u00a0\u00a0 <\/span><\/span><!--[endif]--><span lang=\"ES-TRAD\" style=\"font-size: 9.0pt;font-family: 'Arial',sans-serif;color: black\">B\u00fasqueda de informaci\u00f3n sobre bailaoras, cantaoras o guitarristas.<\/span><\/p><p style=\"margin-bottom: 0cm;text-indent: -18.0pt;line-height: normal\"><!-- [if !supportLists]--><span lang=\"ES-TRAD\" style=\"font-size: 9.0pt;font-family: Symbol\">\u00b7<span style=\"font-size: 7pt;line-height: normal;font-family: 'Times New Roman'\">\u00a0\u00a0\u00a0\u00a0\u00a0\u00a0\u00a0 <\/span><\/span><!--[endif]--><span lang=\"ES-TRAD\" style=\"font-size: 9.0pt;font-family: 'Arial',sans-serif;color: black\">Manos violetas.<\/span><\/p><\/td><\/tr><tr style=\"height: 81.75pt\"><td style=\"width: 112.8pt;border: solid windowtext 1.0pt;border-top: none;background: #00B050;padding: 0cm 5.4pt 0cm 5.4pt;height: 81.75pt\" width=\"150\"><p style=\"margin-bottom: 0cm;text-align: center;line-height: normal\" align=\"center\"><span lang=\"ES-TRAD\" style=\"font-size: 22.0pt;font-family: 'Arial',sans-serif;color: black\">3\u00ba CICLO<\/span><\/p><\/td><td style=\"width: 45.65pt;border-top: none;border-left: none;border-bottom: solid windowtext 1.0pt;border-right: solid windowtext 1.0pt;background: #71FFB1;padding: 0cm 5.4pt 0cm 5.4pt;height: 81.75pt\" width=\"61\"><p style=\"margin-bottom: 0cm;text-align: center;line-height: normal\" align=\"center\"><span lang=\"ES-TRAD\" style=\"color: black\">13:00<\/span><\/p><\/td><td style=\"width: 333.85pt;border-top: none;border-left: none;border-bottom: solid windowtext 1.0pt;border-right: solid windowtext 1.0pt;background: #BDD6EE;padding: 0cm 5.4pt 0cm 5.4pt;height: 81.75pt\" width=\"445\"><p style=\"margin-bottom: 0cm;line-height: normal\"><span lang=\"ES-TRAD\" style=\"font-size: 10.0pt;font-family: 'Arial',sans-serif;color: black\">Visionado y debate a partir de los siguientes enlaces: \u201c12 v\u00eddeos para trabajar la violencia de g\u00e9nero en el aula\u201d.<\/span><\/p><h3 style=\"margin: 0cm;text-indent: 0cm;line-height: normal\"><span lang=\"ES-TRAD\" style=\"font-size: 9.0pt;font-family: 'Arial',sans-serif\">\u00a0<\/span><\/h3><p style=\"margin-bottom: 0cm;line-height: normal\"><span lang=\"ES-TRAD\" style=\"color: black\"><a href=\"https:\/\/cedec.intef.es\/12-videos-para-trabajar-la-violencia-de-genero-en-el-aula\/\">https:\/\/cedec.intef.es\/12-videos-para-trabajar-la-violencia-de-genero-en-el-aula\/<\/a><\/span><\/p><p style=\"margin-bottom: 0cm;line-height: normal\"><span lang=\"ES-TRAD\">\u00a0<\/span><\/p><p style=\"margin-bottom: 0cm;line-height: normal\"><span lang=\"ES-TRAD\">\u00a0<\/span><\/p><\/td><td style=\"width: 166.4pt;border-top: none;border-left: none;border-bottom: solid windowtext 1.0pt;border-right: solid windowtext 1.0pt;background: #C5E0B3;padding: 0cm 5.4pt 0cm 5.4pt;height: 81.75pt\" width=\"222\"><h3 style=\"margin: 0cm;text-indent: 0cm;line-height: normal\"><span lang=\"ES-TRAD\" style=\"font-size: 9.0pt;font-family: 'Arial',sans-serif;font-weight: normal\">\u00a0<\/span><\/h3><p style=\"margin-left: 36.0pt;text-indent: -18.0pt\"><!-- [if !supportLists]--><span lang=\"ES-TRAD\" style=\"font-family: Symbol\">\u00b7<span style=\"font-size: 7pt;line-height: normal;font-family: 'Times New Roman'\">\u00a0\u00a0\u00a0\u00a0\u00a0\u00a0\u00a0 <\/span><\/span><!--[endif]--><span lang=\"ES-TRAD\" style=\"font-size: 9.0pt;line-height: 115%;font-family: 'Arial',sans-serif;color: black\">B\u00fasqueda de informaci\u00f3n sobre bailaoras, cantaoras o guitarristas. <\/span><\/p><p style=\"margin-left: 36.0pt;text-indent: -18.0pt\"><!-- [if !supportLists]--><span lang=\"ES-TRAD\" style=\"font-family: Symbol\">\u00b7<span style=\"font-size: 7pt;line-height: normal;font-family: 'Times New Roman'\">\u00a0\u00a0\u00a0\u00a0\u00a0\u00a0\u00a0 <\/span><\/span><!--[endif]--><span lang=\"ES-TRAD\" style=\"font-size: 9.0pt;line-height: 115%;font-family: 'Arial',sans-serif;color: black\">Manos violetas.<\/span><\/p><\/td><\/tr><\/tbody><\/table><h3 style=\"margin: 0cm;line-height: normal\"><span lang=\"ES-TRAD\" style=\"font-family: 'Times New Roman',serif\">INFANTIL Y PRIMER CICLO: \u201cAl comp\u00e1s de la Igualdad: Zapatos con amor\u201d.<\/span><\/h3><p style=\"margin-bottom: 0cm;line-height: normal\"><span lang=\"ES-TRAD\">\u00a0<\/span><\/p><h3 style=\"margin: 0cm;line-height: normal\"><span lang=\"ES-TRAD\" style=\"font-size: 12.0pt;font-family: 'Times New Roman',serif\">Para Infantil:<\/span><span lang=\"ES-TRAD\" style=\"font-size: 12.0pt;font-family: 'Times New Roman',serif;font-weight: normal\"> Realizar\u00e1n el recorte de unos tacones y los colorearan.<\/span><\/h3><h3 style=\"margin: 0cm;line-height: normal\"><span lang=\"ES-TRAD\" style=\"font-size: 12.0pt;font-family: 'Times New Roman',serif\">Para 1<sup>er<\/sup> Ciclo:<\/span><span lang=\"ES-TRAD\" style=\"font-size: 12.0pt;font-family: 'Times New Roman',serif;font-weight: normal\"> Recortaran dichos tacones y los colorearan, intentando a\u00f1adir en su interior palabras de apoyo a todas aquellas mujeres que lucharon y que luchan por conseguir sus sue\u00f1os, palabras de igualdad, palabras para conseguir un mundo m\u00e1s justo. Por ejemplo: amor, tolerancia, respeto, ayuda, alegr\u00eda, empat\u00eda. Adem\u00e1s, escribir\u00e1n diferentes palos flamencos con nombre femeninos, como por ejemplo: las soleares, la rumba, tarantas, alegr\u00edas, buler\u00edas, sevillanas\u2026 <\/span><\/h3><p style=\"margin-bottom: 0cm;line-height: normal\"><span lang=\"ES-TRAD\" style=\"font-size: 12.0pt;font-family: 'Times New Roman',serif\">\u00a0<\/span><\/p><p style=\"margin-bottom: 0cm;line-height: normal\"><span lang=\"ES-TRAD\" style=\"font-size: 12.0pt;font-family: 'Times New Roman',serif\">* Los tacones recortados y coloreados ir\u00e1n en el mural 25 N.<\/span><\/p><p style=\"margin-bottom: 0cm;line-height: normal\"><span lang=\"ES-TRAD\">\u00a0<\/span><\/p><p style=\"margin-bottom: 0cm;line-height: normal\"><b><span lang=\"ES-TRAD\" style=\"font-size: 14.0pt;font-family: 'Times New Roman',serif\">SEGUNDO Y TERCER CICLO: \u201cAl comp\u00e1s de la Igualdad: Zapatos con amor\u201d.<\/span><\/b><\/p><p style=\"margin-bottom: 0cm;line-height: normal\"><span lang=\"ES-TRAD\">\u00a0<\/span><\/p><p style=\"margin-bottom: 0cm;line-height: normal\"><span lang=\"ES-TRAD\" style=\"font-size: 12.0pt;font-family: 'Times New Roman',serif\">Se repartir\u00e1n diferentes artistas flamencas: bailaoras, cantaoras y guitarristas. Buscar\u00e1n informaci\u00f3n sobre sus vidas, lo que pasaron por el simple hecho de ser mujeres\u00a0 y c\u00f3mo llegaron a tener \u00e9xito. \u00abMuchas de las artistas que se atrevieron a cantar o bailar en p\u00fablico sufrieron malos tratos y vejaciones\u201d.<b> Dicha informaci\u00f3n se pegar\u00e1 en el mural del 25 N<\/b>. Dichas artistas podr\u00edan ser: <\/span><\/p><p style=\"margin-bottom: 0cm;line-height: normal\"><span lang=\"ES-TRAD\">\u00a0<\/span><\/p><p style=\"margin-bottom: 0cm;line-height: normal\"><span lang=\"ES-TRAD\" style=\"font-size: 12.0pt;font-family: 'Times New Roman',serif\">1. Concha la Pe\u00f1aranda<\/span><\/p><p style=\"margin-bottom: 0cm;line-height: normal\"><span lang=\"ES-TRAD\" style=\"font-size: 12.0pt;font-family: 'Times New Roman',serif\">2. Juana Ant\u00fanez<\/span><\/p><p style=\"margin-bottom: 0cm;line-height: normal\"><span lang=\"ES-TRAD\" style=\"font-size: 12.0pt;font-family: 'Times New Roman',serif\">3.\u00a0 Fernanda y Bernarda de Utrera<\/span><\/p><p style=\"margin-bottom: 0cm;line-height: normal\"><span lang=\"ES-TRAD\" style=\"font-size: 12.0pt;font-family: 'Times New Roman',serif\">4.\u00a0 Paquera de Jerez<\/span><\/p><p style=\"margin-bottom: 0cm;line-height: normal\"><span lang=\"ES-TRAD\" style=\"font-size: 12.0pt;font-family: 'Times New Roman',serif\">5. Tia Anica La Piri\u00f1aca<\/span><\/p><p style=\"margin-bottom: 0cm;line-height: normal\"><span lang=\"ES-TRAD\" style=\"font-size: 12.0pt;font-family: 'Times New Roman',serif\">6. Pastora Pav\u00f3n, \u201cLa Ni\u00f1a de los Peines\u201d<\/span><\/p><p style=\"margin-bottom: 0cm;line-height: normal\"><span lang=\"ES-TRAD\" style=\"font-size: 12.0pt;font-family: 'Times New Roman',serif\">7. Juana La Macarrona<\/span><\/p><p style=\"margin-bottom: 0cm;line-height: normal\"><span lang=\"ES-TRAD\" style=\"font-size: 12.0pt;font-family: 'Times New Roman',serif\">8. La Argentinita<\/span><\/p><p style=\"margin-bottom: 0cm;line-height: normal\"><span lang=\"ES-TRAD\" style=\"font-size: 12.0pt;font-family: 'Times New Roman',serif\">9. Pastora Imperio<\/span><\/p><p style=\"margin-bottom: 0cm;line-height: normal\"><span lang=\"ES-TRAD\" style=\"font-size: 12.0pt;font-family: 'Times New Roman',serif\">10. Carmen Amaya<\/span><\/p><p style=\"margin-bottom: 0cm;line-height: normal\"><span lang=\"ES-TRAD\" style=\"font-size: 12.0pt;font-family: 'Times New Roman',serif\">\u00a0<\/span><\/p><p style=\"margin-bottom: 0cm;line-height: normal\"><b><span lang=\"ES-TRAD\" style=\"font-size: 12.0pt;font-family: 'Times New Roman',serif\">P\u00e1gina para buscar informaci\u00f3n, entre otras\u2026<\/span><\/b><\/p><p>https:\/\/allflamenco.net\/es\/actualidad\/8-m-la-mujer-en-el-flamenco<\/p><p><a href=\"https:\/\/mujeresvalientes.es\/mujeres-flamenco\/#:~:text=Juana la del Pipa%2C Lole,se est\u00e1 celebrando en Sevilla\">https:\/\/mujeresvalientes.es\/mujeres-flamenco\/#:~:text=Juana la del Pipa%2C Lole,se est\u00e1 celebrando en Sevilla<\/a><\/p><p><a href=\"https:\/\/www.flamencasporderecho.com\/10-flamencas-para-la-historia\/\">https:\/\/www.flamencasporderecho.com\/10-flamencas-para-la-historia\/<\/a><\/p><p style=\"margin-bottom: 0cm;line-height: normal\"><b><span lang=\"ES-TRAD\" style=\"font-size: 12.0pt;font-family: 'Times New Roman',serif\">\u00a0<\/span><\/b><\/p><p class=\"MsoBodyText\" style=\"margin-bottom: 0cm;line-height: normal\">\u00a0<\/p><p class=\"MsoBodyText\" style=\"margin-bottom: 0cm;line-height: normal\">\u00a0<\/p>\t\t\t\t\t\t\t\t<\/div>\n\t\t\t\t<\/div>\n\t\t\t\t\t<\/div>\n\t\t<\/div>\n\t\t\t\t\t<\/div>\n\t\t<\/section>\n\t\t\t\t<section class=\"elementor-section elementor-top-section elementor-element elementor-element-0555676 elementor-section-boxed elementor-section-height-default elementor-section-height-default\" data-id=\"0555676\" data-element_type=\"section\">\n\t\t\t\t\t\t<div class=\"elementor-container elementor-column-gap-default\">\n\t\t\t\t\t<div class=\"elementor-column elementor-col-50 elementor-top-column elementor-element elementor-element-c71c2bf\" data-id=\"c71c2bf\" data-element_type=\"column\">\n\t\t\t<div class=\"elementor-widget-wrap elementor-element-populated\">\n\t\t\t\t\t\t<div class=\"elementor-element elementor-element-dd90a20 e-transform elementor-widget elementor-widget-image\" data-id=\"dd90a20\" data-element_type=\"widget\" data-settings=\"{&quot;_transform_rotate_3d&quot;:&quot;yes&quot;,&quot;_transform_rotateZ_effect&quot;:{&quot;unit&quot;:&quot;px&quot;,&quot;size&quot;:&quot;&quot;,&quot;sizes&quot;:[]},&quot;_transform_rotateZ_effect_tablet&quot;:{&quot;unit&quot;:&quot;deg&quot;,&quot;size&quot;:&quot;&quot;,&quot;sizes&quot;:[]},&quot;_transform_rotateZ_effect_mobile&quot;:{&quot;unit&quot;:&quot;deg&quot;,&quot;size&quot;:&quot;&quot;,&quot;sizes&quot;:[]},&quot;_transform_rotateX_effect&quot;:{&quot;unit&quot;:&quot;px&quot;,&quot;size&quot;:&quot;&quot;,&quot;sizes&quot;:[]},&quot;_transform_rotateX_effect_tablet&quot;:{&quot;unit&quot;:&quot;deg&quot;,&quot;size&quot;:&quot;&quot;,&quot;sizes&quot;:[]},&quot;_transform_rotateX_effect_mobile&quot;:{&quot;unit&quot;:&quot;deg&quot;,&quot;size&quot;:&quot;&quot;,&quot;sizes&quot;:[]},&quot;_transform_rotateY_effect&quot;:{&quot;unit&quot;:&quot;px&quot;,&quot;size&quot;:&quot;&quot;,&quot;sizes&quot;:[]},&quot;_transform_rotateY_effect_tablet&quot;:{&quot;unit&quot;:&quot;deg&quot;,&quot;size&quot;:&quot;&quot;,&quot;sizes&quot;:[]},&quot;_transform_rotateY_effect_mobile&quot;:{&quot;unit&quot;:&quot;deg&quot;,&quot;size&quot;:&quot;&quot;,&quot;sizes&quot;:[]},&quot;_transform_perspective_effect&quot;:{&quot;unit&quot;:&quot;px&quot;,&quot;size&quot;:&quot;&quot;,&quot;sizes&quot;:[]},&quot;_transform_perspective_effect_tablet&quot;:{&quot;unit&quot;:&quot;px&quot;,&quot;size&quot;:&quot;&quot;,&quot;sizes&quot;:[]},&quot;_transform_perspective_effect_mobile&quot;:{&quot;unit&quot;:&quot;px&quot;,&quot;size&quot;:&quot;&quot;,&quot;sizes&quot;:[]}}\" data-widget_type=\"image.default\">\n\t\t\t\t<div class=\"elementor-widget-container\">\n\t\t\t\t\t\t\t\t\t\t\t\t\t\t\t<img fetchpriority=\"high\" decoding=\"async\" width=\"1024\" height=\"768\" src=\"https:\/\/blogsaverroes.juntadeandalucia.es\/ceipblasinfanteps\/files\/2025\/12\/WhatsApp-Image-2025-11-28-at-12.55.46-1024x768.jpeg\" class=\"attachment-large size-large wp-image-5175\" alt=\"\" srcset=\"https:\/\/blogsaverroes.juntadeandalucia.es\/ceipblasinfanteps\/files\/2025\/12\/WhatsApp-Image-2025-11-28-at-12.55.46-1024x768.jpeg 1024w, https:\/\/blogsaverroes.juntadeandalucia.es\/ceipblasinfanteps\/files\/2025\/12\/WhatsApp-Image-2025-11-28-at-12.55.46-300x225.jpeg 300w, https:\/\/blogsaverroes.juntadeandalucia.es\/ceipblasinfanteps\/files\/2025\/12\/WhatsApp-Image-2025-11-28-at-12.55.46-768x576.jpeg 768w, https:\/\/blogsaverroes.juntadeandalucia.es\/ceipblasinfanteps\/files\/2025\/12\/WhatsApp-Image-2025-11-28-at-12.55.46-1536x1152.jpeg 1536w, https:\/\/blogsaverroes.juntadeandalucia.es\/ceipblasinfanteps\/files\/2025\/12\/WhatsApp-Image-2025-11-28-at-12.55.46.jpeg 1600w\" sizes=\"(max-width: 1024px) 100vw, 1024px\" \/>\t\t\t\t\t\t\t\t\t\t\t\t\t\t\t<\/div>\n\t\t\t\t<\/div>\n\t\t\t\t\t<\/div>\n\t\t<\/div>\n\t\t\t\t<div class=\"elementor-column elementor-col-50 elementor-top-column elementor-element elementor-element-c5c1692\" data-id=\"c5c1692\" data-element_type=\"column\">\n\t\t\t<div class=\"elementor-widget-wrap elementor-element-populated\">\n\t\t\t\t\t\t<div class=\"elementor-element elementor-element-a345b72 elementor-widget elementor-widget-image\" data-id=\"a345b72\" data-element_type=\"widget\" data-widget_type=\"image.default\">\n\t\t\t\t<div class=\"elementor-widget-container\">\n\t\t\t\t\t\t\t\t\t\t\t\t\t\t\t<img decoding=\"async\" width=\"659\" height=\"879\" src=\"https:\/\/blogsaverroes.juntadeandalucia.es\/ceipblasinfanteps\/files\/2025\/12\/IMG_0643.jpg\" class=\"attachment-large size-large wp-image-5176\" alt=\"\" srcset=\"https:\/\/blogsaverroes.juntadeandalucia.es\/ceipblasinfanteps\/files\/2025\/12\/IMG_0643.jpg 659w, https:\/\/blogsaverroes.juntadeandalucia.es\/ceipblasinfanteps\/files\/2025\/12\/IMG_0643-225x300.jpg 225w\" sizes=\"(max-width: 659px) 100vw, 659px\" \/>\t\t\t\t\t\t\t\t\t\t\t\t\t\t\t<\/div>\n\t\t\t\t<\/div>\n\t\t\t\t\t<\/div>\n\t\t<\/div>\n\t\t\t\t\t<\/div>\n\t\t<\/section>\n\t\t\t\t<section class=\"elementor-section elementor-top-section elementor-element elementor-element-ffa408a elementor-section-boxed elementor-section-height-default elementor-section-height-default\" data-id=\"ffa408a\" data-element_type=\"section\">\n\t\t\t\t\t\t<div class=\"elementor-container elementor-column-gap-default\">\n\t\t\t\t\t<div class=\"elementor-column elementor-col-50 elementor-top-column elementor-element elementor-element-25a2856\" data-id=\"25a2856\" data-element_type=\"column\">\n\t\t\t<div class=\"elementor-widget-wrap elementor-element-populated\">\n\t\t\t\t\t\t<div class=\"elementor-element elementor-element-f62d90a elementor-widget elementor-widget-image\" data-id=\"f62d90a\" data-element_type=\"widget\" data-widget_type=\"image.default\">\n\t\t\t\t<div class=\"elementor-widget-container\">\n\t\t\t\t\t\t\t\t\t\t\t\t\t\t\t<img decoding=\"async\" width=\"637\" height=\"290\" src=\"https:\/\/blogsaverroes.juntadeandalucia.es\/ceipblasinfanteps\/files\/2025\/12\/IMG_0645-e1764871247873.jpg\" class=\"attachment-large size-large wp-image-5178\" alt=\"\" srcset=\"https:\/\/blogsaverroes.juntadeandalucia.es\/ceipblasinfanteps\/files\/2025\/12\/IMG_0645-e1764871247873.jpg 637w, https:\/\/blogsaverroes.juntadeandalucia.es\/ceipblasinfanteps\/files\/2025\/12\/IMG_0645-e1764871247873-300x137.jpg 300w\" sizes=\"(max-width: 637px) 100vw, 637px\" \/>\t\t\t\t\t\t\t\t\t\t\t\t\t\t\t<\/div>\n\t\t\t\t<\/div>\n\t\t\t\t<div class=\"elementor-element elementor-element-e155582 elementor-widget elementor-widget-image\" data-id=\"e155582\" data-element_type=\"widget\" data-widget_type=\"image.default\">\n\t\t\t\t<div class=\"elementor-widget-container\">\n\t\t\t\t\t\t\t\t\t\t\t\t\t\t\t<img loading=\"lazy\" decoding=\"async\" width=\"659\" height=\"376\" src=\"https:\/\/blogsaverroes.juntadeandalucia.es\/ceipblasinfanteps\/files\/2025\/12\/IMG_0646-e1764871338389.jpg\" class=\"attachment-large size-large wp-image-5179\" alt=\"\" srcset=\"https:\/\/blogsaverroes.juntadeandalucia.es\/ceipblasinfanteps\/files\/2025\/12\/IMG_0646-e1764871338389.jpg 659w, https:\/\/blogsaverroes.juntadeandalucia.es\/ceipblasinfanteps\/files\/2025\/12\/IMG_0646-e1764871338389-300x171.jpg 300w\" sizes=\"(max-width: 659px) 100vw, 659px\" \/>\t\t\t\t\t\t\t\t\t\t\t\t\t\t\t<\/div>\n\t\t\t\t<\/div>\n\t\t\t\t\t<\/div>\n\t\t<\/div>\n\t\t\t\t<div class=\"elementor-column elementor-col-50 elementor-top-column elementor-element elementor-element-3506e81\" data-id=\"3506e81\" data-element_type=\"column\">\n\t\t\t<div class=\"elementor-widget-wrap elementor-element-populated\">\n\t\t\t\t\t\t<div class=\"elementor-element elementor-element-f9da8be elementor-widget elementor-widget-image\" data-id=\"f9da8be\" data-element_type=\"widget\" data-widget_type=\"image.default\">\n\t\t\t\t<div class=\"elementor-widget-container\">\n\t\t\t\t\t\t\t\t\t\t\t\t\t\t\t<img loading=\"lazy\" decoding=\"async\" width=\"659\" height=\"316\" src=\"https:\/\/blogsaverroes.juntadeandalucia.es\/ceipblasinfanteps\/files\/2025\/12\/IMG_0644-e1764871286892.jpg\" class=\"attachment-large size-large wp-image-5177\" alt=\"\" srcset=\"https:\/\/blogsaverroes.juntadeandalucia.es\/ceipblasinfanteps\/files\/2025\/12\/IMG_0644-e1764871286892.jpg 659w, https:\/\/blogsaverroes.juntadeandalucia.es\/ceipblasinfanteps\/files\/2025\/12\/IMG_0644-e1764871286892-300x144.jpg 300w\" sizes=\"(max-width: 659px) 100vw, 659px\" \/>\t\t\t\t\t\t\t\t\t\t\t\t\t\t\t<\/div>\n\t\t\t\t<\/div>\n\t\t\t\t\t<\/div>\n\t\t<\/div>\n\t\t\t\t\t<\/div>\n\t\t<\/section>\n\t\t\t\t<\/div>\n\t\t","protected":false},"excerpt":{"rendered":"<p>PROGRAMACI\u00d3N 25N CICLO EDUCATIVO ACTIVIDADES DE CENTRO ACTIVIDADES DE CICLO ACTIVIDADES DE AULA INFANTIL 9:30 Creaci\u00f3n de un mural en forma de lazo con las manos violetas. Junto al mural de las diferentes artistas flamencas: bailaoras, cantaoras. . Dirigido a Infantil, 1\u00ba, 2\u00ba y 3\u00ba ciclo. . Visionado y debate a partir del siguiente v\u00eddeo: [&hellip;]<\/p>\n","protected":false},"author":4075,"featured_media":0,"comment_status":"open","ping_status":"open","sticky":false,"template":"","format":"standard","meta":{"ngg_post_thumbnail":0,"footnotes":""},"categories":[3253,11909],"tags":[],"aioseo_notices":[],"post_mailing_queue_ids":[],"_links":{"self":[{"href":"https:\/\/blogsaverroes.juntadeandalucia.es\/ceipblasinfanteps\/wp-json\/wp\/v2\/posts\/5174"}],"collection":[{"href":"https:\/\/blogsaverroes.juntadeandalucia.es\/ceipblasinfanteps\/wp-json\/wp\/v2\/posts"}],"about":[{"href":"https:\/\/blogsaverroes.juntadeandalucia.es\/ceipblasinfanteps\/wp-json\/wp\/v2\/types\/post"}],"author":[{"embeddable":true,"href":"https:\/\/blogsaverroes.juntadeandalucia.es\/ceipblasinfanteps\/wp-json\/wp\/v2\/users\/4075"}],"replies":[{"embeddable":true,"href":"https:\/\/blogsaverroes.juntadeandalucia.es\/ceipblasinfanteps\/wp-json\/wp\/v2\/comments?post=5174"}],"version-history":[{"count":8,"href":"https:\/\/blogsaverroes.juntadeandalucia.es\/ceipblasinfanteps\/wp-json\/wp\/v2\/posts\/5174\/revisions"}],"predecessor-version":[{"id":5187,"href":"https:\/\/blogsaverroes.juntadeandalucia.es\/ceipblasinfanteps\/wp-json\/wp\/v2\/posts\/5174\/revisions\/5187"}],"wp:attachment":[{"href":"https:\/\/blogsaverroes.juntadeandalucia.es\/ceipblasinfanteps\/wp-json\/wp\/v2\/media?parent=5174"}],"wp:term":[{"taxonomy":"category","embeddable":true,"href":"https:\/\/blogsaverroes.juntadeandalucia.es\/ceipblasinfanteps\/wp-json\/wp\/v2\/categories?post=5174"},{"taxonomy":"post_tag","embeddable":true,"href":"https:\/\/blogsaverroes.juntadeandalucia.es\/ceipblasinfanteps\/wp-json\/wp\/v2\/tags?post=5174"}],"curies":[{"name":"wp","href":"https:\/\/api.w.org\/{rel}","templated":true}]}}