{"id":6588,"date":"2019-11-13T18:38:10","date_gmt":"2019-11-13T17:38:10","guid":{"rendered":"https:\/\/blogsaverroes.juntadeandalucia.es\/ceipborbolla\/?p=6588"},"modified":"2022-10-24T19:48:38","modified_gmt":"2022-10-24T18:48:38","slug":"inicio-del-programa-de-acompanamiento-escolar","status":"publish","type":"post","link":"https:\/\/blogsaverroes.juntadeandalucia.es\/ceipborbolla\/2019\/11\/13\/inicio-del-programa-de-acompanamiento-escolar\/","title":{"rendered":"Inicio del Programa de Acompa\u00f1amiento escolar"},"content":{"rendered":"<p>&nbsp;<\/p>\n<p style=\"text-align: justify\">Este curso se inicia <em><u><strong>el Programa de Acompa\u00f1amiento Escolar,<\/strong><\/u> <\/em>dedicado a mejorar fundamentalmente las competencias b\u00e1sicas relativas a contenidos instrumentales de los alumnos que participan en \u00e9l.&nbsp;<\/p>\n<p style=\"text-align: justify\"><a href=\"https:\/\/blogsaverroes.juntadeandalucia.es\/ceipborbolla\/files\/2019\/11\/Acompa\u00f1amiento-escolar.jpg\"><img loading=\"lazy\" decoding=\"async\" class=\"wp-image-6602 alignleft\" src=\"https:\/\/blogsaverroes.juntadeandalucia.es\/ceipborbolla\/files\/2019\/11\/Acompa\u00f1amiento-escolar.jpg\" alt=\"\" width=\"193\" height=\"144\" srcset=\"https:\/\/blogsaverroes.juntadeandalucia.es\/ceipborbolla\/files\/2019\/11\/Acompa\u00f1amiento-escolar.jpg 960w, https:\/\/blogsaverroes.juntadeandalucia.es\/ceipborbolla\/files\/2019\/11\/Acompa\u00f1amiento-escolar-300x225.jpg 300w, https:\/\/blogsaverroes.juntadeandalucia.es\/ceipborbolla\/files\/2019\/11\/Acompa\u00f1amiento-escolar-768x576.jpg 768w, https:\/\/blogsaverroes.juntadeandalucia.es\/ceipborbolla\/files\/2019\/11\/Acompa\u00f1amiento-escolar-24x18.jpg 24w, https:\/\/blogsaverroes.juntadeandalucia.es\/ceipborbolla\/files\/2019\/11\/Acompa\u00f1amiento-escolar-36x27.jpg 36w, https:\/\/blogsaverroes.juntadeandalucia.es\/ceipborbolla\/files\/2019\/11\/Acompa\u00f1amiento-escolar-48x36.jpg 48w\" sizes=\"(max-width: 193px) 100vw, 193px\" \/><\/a><\/p>\n<ul style=\"text-align: justify\">\n<li>El Programa de Acompa\u00f1amiento se desarrollar\u00e1:&nbsp;<\/li>\n<li><em><strong>&#8230;&#8230;&#8230;&#8230;&#8230; para 3\u00ba ciclo<\/strong><\/em><\/li>\n<li><em>lunes y mi\u00e9rcoles<strong>&nbsp; para 2\u00ba ciclo<\/strong><\/em><\/li>\n<li><em><strong>de 16 h a 18 horas: c<\/strong><\/em>uatro horas semanales distribuidas en dos sesiones de tarde, <em><strong>de forma totalmente gratuita.<\/strong><\/em><\/li>\n<li>El grupo constar\u00e1 de un m\u00e1ximo de diez<em><strong>&nbsp;alumnos&nbsp;<\/strong><\/em><em><strong>y alumnas &nbsp;en cada grupo.<\/strong><\/em><\/li>\n<\/ul>\n<p>&nbsp;<\/p>\n<p style=\"text-align: justify\">Para la <strong>selecci\u00f3n del alumnado participante <\/strong>se constituye una Comisi\u00f3n de Selecci\u00f3n en el centro bajo la direcci\u00f3n de la Jefatura de Estudios, solicitando posteriormente la autorizaci\u00f3n de las familias.<\/p>\n<p>&nbsp;<\/p>\n<p style=\"text-align: justify\">El desarrollo del acompa\u00f1amiento no debe convertirse&nbsp;en un programa educativo paralelo que est\u00e9 desconectado del Curr\u00edculum Escolar y de la vida del Centro. Por el contrario, debe formar parte de la<span style=\"font-family: Verdana, Arial, Helvetica, sans-serif\">&nbsp;<\/span>estrategia global del Centro para atender a la diversidad. Para ello,&nbsp;<strong>contamos con&nbsp;<\/strong><strong>&nbsp;la implicaci\u00f3n y colaboraci\u00f3n del Claustro de Profesores y del&nbsp;Equipo Directivo en la organizaci\u00f3n, desarrollo y evaluaci\u00f3n del programa.<\/strong><\/p>\n<p style=\"text-align: justify\">Asimismo, habr\u00e1 una estrecha coordinaci\u00f3n entre el profesorado&nbsp;&nbsp;participantes en el mismo y el profesorado y los tutores que&nbsp;conforman el equipo educativo ordinario. Esa coordinaci\u00f3n es imprescindible para que los resultados sean positivos.<\/p>\n<p style=\"text-align: justify\">Finalmente, es necesario estrechar los lazos de comunicaci\u00f3n con las&nbsp;familias del alumnado seleccionado, obteniendo su compromiso de facilitar la asistencia al programa e ir, progresivamente, tratando de conseguir&nbsp;una mayor implicaci\u00f3n en el seguimiento de la marcha escolar de sus hijos&nbsp;e hijas.<\/p>\n<p style=\"text-align: center\"><strong>La fecha de inicio se notifica una vez aprobada la actividad.<\/strong><\/p>\n<p>&nbsp;<\/p>\n<p style=\"text-align: justify\"><b><i><u>DOCUMENTACI\u00d3N DE INTER\u00c9S<\/u><\/i><\/b><\/p>\n<ul style=\"text-align: justify\">\n<li><i><a href=\"https:\/\/blogsaverroes.juntadeandalucia.es\/ceipborbolla\/files\/2019\/11\/Instrucciones14septiembre2021ProgramaPROA-28.pdf\" target=\"_blank\" rel=\"noopener noreferrer\">Autorizaci\u00f3n para solicitar la participaci\u00f3n en el Programa<\/a> &nbsp;&nbsp;&nbsp;<\/i><\/li>\n<li><a href=\"https:\/\/blogsaverroes.juntadeandalucia.es\/ceipborbolla\/files\/2019\/11\/Instrucciones14septiembre2021ProgramaPROA-38.pdf\" target=\"_blank\" rel=\"noopener noreferrer\"><i>Justificaci\u00f3n de las faltas de asistencia<\/i><\/a><\/li>\n<li><a href=\"https:\/\/blogsaverroes.juntadeandalucia.es\/ceipborbolla\/files\/2019\/11\/Instrucciones14septiembre2021ProgramaPROA-30.pdf\" target=\"_blank\" rel=\"noopener noreferrer\"><i>Solicitud de Baja en el Programa<\/i><\/a><\/li>\n<\/ul>\n<div style=\"text-align: justify\">&nbsp;<\/div>\n<div style=\"text-align: justify\">&nbsp;<\/div>\n","protected":false},"excerpt":{"rendered":"<p>&nbsp; Este curso se inicia el Programa de Acompa\u00f1amiento Escolar, dedicado a mejorar fundamentalmente las competencias b\u00e1sicas relativas a contenidos instrumentales de los alumnos que participan en \u00e9l.&nbsp; El Programa de Acompa\u00f1amiento se desarrollar\u00e1:&nbsp;&#46;&#46;&#46;<\/p>\n","protected":false},"author":2371,"featured_media":6602,"comment_status":"closed","ping_status":"open","sticky":false,"template":"","format":"standard","meta":{"ngg_post_thumbnail":0,"footnotes":""},"categories":[526],"tags":[],"aioseo_notices":[],"_links":{"self":[{"href":"https:\/\/blogsaverroes.juntadeandalucia.es\/ceipborbolla\/wp-json\/wp\/v2\/posts\/6588"}],"collection":[{"href":"https:\/\/blogsaverroes.juntadeandalucia.es\/ceipborbolla\/wp-json\/wp\/v2\/posts"}],"about":[{"href":"https:\/\/blogsaverroes.juntadeandalucia.es\/ceipborbolla\/wp-json\/wp\/v2\/types\/post"}],"author":[{"embeddable":true,"href":"https:\/\/blogsaverroes.juntadeandalucia.es\/ceipborbolla\/wp-json\/wp\/v2\/users\/2371"}],"replies":[{"embeddable":true,"href":"https:\/\/blogsaverroes.juntadeandalucia.es\/ceipborbolla\/wp-json\/wp\/v2\/comments?post=6588"}],"version-history":[{"count":16,"href":"https:\/\/blogsaverroes.juntadeandalucia.es\/ceipborbolla\/wp-json\/wp\/v2\/posts\/6588\/revisions"}],"predecessor-version":[{"id":8747,"href":"https:\/\/blogsaverroes.juntadeandalucia.es\/ceipborbolla\/wp-json\/wp\/v2\/posts\/6588\/revisions\/8747"}],"wp:featuredmedia":[{"embeddable":true,"href":"https:\/\/blogsaverroes.juntadeandalucia.es\/ceipborbolla\/wp-json\/wp\/v2\/media\/6602"}],"wp:attachment":[{"href":"https:\/\/blogsaverroes.juntadeandalucia.es\/ceipborbolla\/wp-json\/wp\/v2\/media?parent=6588"}],"wp:term":[{"taxonomy":"category","embeddable":true,"href":"https:\/\/blogsaverroes.juntadeandalucia.es\/ceipborbolla\/wp-json\/wp\/v2\/categories?post=6588"},{"taxonomy":"post_tag","embeddable":true,"href":"https:\/\/blogsaverroes.juntadeandalucia.es\/ceipborbolla\/wp-json\/wp\/v2\/tags?post=6588"}],"curies":[{"name":"wp","href":"https:\/\/api.w.org\/{rel}","templated":true}]}}