{"id":2663,"date":"2020-06-11T08:54:51","date_gmt":"2020-06-11T06:54:51","guid":{"rendered":"http:\/\/blogsaverroes.juntadeandalucia.es\/ceipbuenosaires\/?p=2663"},"modified":"2020-06-11T10:25:23","modified_gmt":"2020-06-11T08:25:23","slug":"recogida-de-libros","status":"publish","type":"post","link":"https:\/\/blogsaverroes.juntadeandalucia.es\/ceipbuenosaires\/2020\/06\/11\/recogida-de-libros\/","title":{"rendered":"Recogida de libros"},"content":{"rendered":"<p>&nbsp;<\/p>\n<p lang=\"zxx\" align=\"justify\"><span style=\"font-size: medium\">Estimadas familias<\/span><\/p>\n<p lang=\"zxx\" align=\"justify\"><span style=\"font-size: medium\">La pr\u00f3xima semana vamos a ir recogiendo los libros de texto <\/span><span style=\"font-size: medium\">de 3\u00ba, 4\u00ba, 5\u00ba y 6\u00ba<\/span><span style=\"font-size: medium\"> que el alumnado tenga en casa, porque, seg\u00fan instrucciones, tenemos que revisarlos y ver si alguna familia tiene que reponer alg\u00fan libro. Recuerden que este a\u00f1o eran todos nuevos de la librer\u00eda y el estado actual de cada libro depende del uso que le haya dado cada alumna\/o. En caso de tener que reponer alg\u00fan libro, la tutora o el tutor de su hija\/o, se pondr\u00e1 en contacto con ustedes y le entregar\u00e1 un Anexo firmado por la Presidenta del Consejo Escolar del deber de reposici\u00f3n del libro en concreto <\/span><span style=\"font-size: medium\">y firmar un \u00abRecib\u00ed\u00bb como enterados. <\/span><\/p>\n<p lang=\"zxx\" align=\"justify\"><strong><span style=\"font-size: medium\"><u>Les pedimos <\/u><\/span><span style=\"font-size: medium\"><u>su colaboraci\u00f3n para<\/u><\/span><span style=\"font-size: medium\"><u> que todos los libros de texto de sus hijas e hijos, \u00ab<\/u><\/span><span style=\"font-size: medium\"><u>el lote de libros\u00bb, <\/u><\/span><span style=\"font-size: medium\"><u> vengan metidos en una bolsa con el nombre, apellidos y el curso<\/u><\/span><\/strong> <span style=\"font-size: medium\">para facilitarnos as\u00ed la tarea de reparto por las distintas clases.<\/span><\/p>\n<p lang=\"zxx\" align=\"justify\"><span style=\"font-size: medium\">Solo podr\u00e1 venir una persona por familia, sin ni\u00f1as\/os.<\/span><\/p>\n<p lang=\"zxx\" align=\"justify\"><span style=\"font-size: medium\">La entrega la vamos a <\/span><span style=\"font-size: medium\">realizar<\/span><span style=\"font-size: medium\"> de la siguiente manera:<\/span><\/p>\n<ul>\n<li><strong><span style=\"font-size: medium\"><u>Lunes 15 de junio, de 11:30 a 13:15 horas, el alumnado de 3\u00ba de Educaci\u00f3n Primaria.<\/u><\/span><\/strong><\/li>\n<li><strong><span style=\"font-size: medium\"><u>Martes 16 de junio, de 9:30 a 11 horas, el alumnado de 4\u00ba de Educaci\u00f3n Primaria.<\/u><\/span><\/strong><\/li>\n<li><strong><span style=\"font-size: medium\"><u>Martes 16 de junio, de 11:30 a 13:15 horas, el alumnado de 5\u00ba de Educaci\u00f3n Primaria.<\/u><\/span><\/strong><\/li>\n<li><strong><span style=\"font-size: medium\"><u>Mi\u00e9rcoles<\/u><\/span><span style=\"font-size: medium\"><u> 17 de junio, de 9:30 a 11 horas, el alumnado de 6\u00ba de Educaci\u00f3n Primaria.<\/u><\/span><\/strong><\/li>\n<\/ul>\n<p lang=\"zxx\" align=\"justify\"><span style=\"font-size: medium\">Agradeciendo de antemano su colaboraci\u00f3n<\/span><\/p>\n<p lang=\"zxx\" align=\"justify\"><span style=\"font-size: medium\">Reciban un cordial saludo esperando que se encuentren bien de salud.<\/span><\/p>\n<p lang=\"zxx\" align=\"justify\"><span style=\"font-size: medium\">La Direcci\u00f3n.<\/span><\/p>\n","protected":false},"excerpt":{"rendered":"<p>&nbsp; Estimadas familias La pr\u00f3xima semana vamos a ir recogiendo los libros de texto de 3\u00ba, 4\u00ba, 5\u00ba y 6\u00ba que el alumnado tenga en casa, porque, seg\u00fan instrucciones, tenemos que revisarlos y ver si alguna familia tiene que reponer alg\u00fan libro. Recuerden que este a\u00f1o eran todos nuevos de la librer\u00eda y el estado &hellip; <\/p>\n<p><a class=\"more-link btn\" href=\"https:\/\/blogsaverroes.juntadeandalucia.es\/ceipbuenosaires\/2020\/06\/11\/recogida-de-libros\/\">Seguir leyendo<\/a><\/p>\n","protected":false},"author":1860,"featured_media":0,"comment_status":"open","ping_status":"open","sticky":false,"template":"","format":"standard","meta":{"ngg_post_thumbnail":0,"footnotes":""},"categories":[11909],"tags":[],"aioseo_notices":[],"_links":{"self":[{"href":"https:\/\/blogsaverroes.juntadeandalucia.es\/ceipbuenosaires\/wp-json\/wp\/v2\/posts\/2663"}],"collection":[{"href":"https:\/\/blogsaverroes.juntadeandalucia.es\/ceipbuenosaires\/wp-json\/wp\/v2\/posts"}],"about":[{"href":"https:\/\/blogsaverroes.juntadeandalucia.es\/ceipbuenosaires\/wp-json\/wp\/v2\/types\/post"}],"author":[{"embeddable":true,"href":"https:\/\/blogsaverroes.juntadeandalucia.es\/ceipbuenosaires\/wp-json\/wp\/v2\/users\/1860"}],"replies":[{"embeddable":true,"href":"https:\/\/blogsaverroes.juntadeandalucia.es\/ceipbuenosaires\/wp-json\/wp\/v2\/comments?post=2663"}],"version-history":[{"count":4,"href":"https:\/\/blogsaverroes.juntadeandalucia.es\/ceipbuenosaires\/wp-json\/wp\/v2\/posts\/2663\/revisions"}],"predecessor-version":[{"id":2667,"href":"https:\/\/blogsaverroes.juntadeandalucia.es\/ceipbuenosaires\/wp-json\/wp\/v2\/posts\/2663\/revisions\/2667"}],"wp:attachment":[{"href":"https:\/\/blogsaverroes.juntadeandalucia.es\/ceipbuenosaires\/wp-json\/wp\/v2\/media?parent=2663"}],"wp:term":[{"taxonomy":"category","embeddable":true,"href":"https:\/\/blogsaverroes.juntadeandalucia.es\/ceipbuenosaires\/wp-json\/wp\/v2\/categories?post=2663"},{"taxonomy":"post_tag","embeddable":true,"href":"https:\/\/blogsaverroes.juntadeandalucia.es\/ceipbuenosaires\/wp-json\/wp\/v2\/tags?post=2663"}],"curies":[{"name":"wp","href":"https:\/\/api.w.org\/{rel}","templated":true}]}}