{"id":3260,"date":"2017-09-25T07:38:58","date_gmt":"2017-09-25T07:38:58","guid":{"rendered":"http:\/\/blogsaverroes.juntadeandalucia.es\/ceipcampodelsur\/?p=3260"},"modified":"2017-09-25T08:39:05","modified_gmt":"2017-09-25T08:39:05","slug":"el-coleccionista-de-paisajes","status":"publish","type":"post","link":"https:\/\/blogsaverroes.juntadeandalucia.es\/ceipcampodelsur\/el-coleccionista-de-paisajes\/","title":{"rendered":"El coleccionista de paisajes"},"content":{"rendered":"<p style=\"text-align: center\">Nuestro alumnado de 2\u00ba, 3\u00ba y 4\u00ba curso de Educaci\u00f3n Primaria se desplaza el martes 26 de septiembre al Gran Teatro Falla para disfrutar de la representaci\u00f3n del espect\u00e1culo \u00abEl coleccionista de paisajes\u00bb.<\/p>\n<p style=\"text-align: center\"><a href=\"https:\/\/blogsaverroes.juntadeandalucia.es\/ceipcampodelsur\/files\/2017\/09\/El-Coleccionista-mini-703101542.png\"><img fetchpriority=\"high\" decoding=\"async\" class=\"alignnone size-medium wp-image-3264\" src=\"https:\/\/blogsaverroes.juntadeandalucia.es\/ceipcampodelsur\/files\/2017\/09\/El-Coleccionista-mini-703101542-300x217.png\" alt=\"\" width=\"300\" height=\"217\" srcset=\"https:\/\/blogsaverroes.juntadeandalucia.es\/ceipcampodelsur\/files\/2017\/09\/El-Coleccionista-mini-703101542-300x217.png 300w, https:\/\/blogsaverroes.juntadeandalucia.es\/ceipcampodelsur\/files\/2017\/09\/El-Coleccionista-mini-703101542-24x17.png 24w, https:\/\/blogsaverroes.juntadeandalucia.es\/ceipcampodelsur\/files\/2017\/09\/El-Coleccionista-mini-703101542-36x26.png 36w, https:\/\/blogsaverroes.juntadeandalucia.es\/ceipcampodelsur\/files\/2017\/09\/El-Coleccionista-mini-703101542-48x35.png 48w, https:\/\/blogsaverroes.juntadeandalucia.es\/ceipcampodelsur\/files\/2017\/09\/El-Coleccionista-mini-703101542.png 792w\" sizes=\"(max-width: 300px) 100vw, 300px\" \/><\/a><\/p>\n<p style=\"text-align: center\">Para saber m\u00e1s de esta obra pinchar en el siguiente enlace:<\/p>\n<p style=\"text-align: center\"><a href=\"http:\/\/agenda.obrasocial.lacaixa.es\/-\/el-coleccionista-de-paisajes\" target=\"_blank\">EL COLECCIONISTA DE PAISAJES<\/a><\/p>\n","protected":false},"excerpt":{"rendered":"<p>Nuestro alumnado de 2\u00ba, 3\u00ba y 4\u00ba curso de Educaci\u00f3n Primaria se desplaza el martes 26 de septiembre al Gran Teatro Falla para disfrutar de la representaci\u00f3n del espect\u00e1culo \u00abEl coleccionista de paisajes\u00bb. Para&#46;&#46;&#46;<\/p>\n","protected":false},"author":1906,"featured_media":0,"comment_status":"open","ping_status":"open","sticky":false,"template":"","format":"standard","meta":{"ngg_post_thumbnail":0,"footnotes":""},"categories":[25494,25495],"tags":[],"aioseo_notices":[],"_links":{"self":[{"href":"https:\/\/blogsaverroes.juntadeandalucia.es\/ceipcampodelsur\/wp-json\/wp\/v2\/posts\/3260"}],"collection":[{"href":"https:\/\/blogsaverroes.juntadeandalucia.es\/ceipcampodelsur\/wp-json\/wp\/v2\/posts"}],"about":[{"href":"https:\/\/blogsaverroes.juntadeandalucia.es\/ceipcampodelsur\/wp-json\/wp\/v2\/types\/post"}],"author":[{"embeddable":true,"href":"https:\/\/blogsaverroes.juntadeandalucia.es\/ceipcampodelsur\/wp-json\/wp\/v2\/users\/1906"}],"replies":[{"embeddable":true,"href":"https:\/\/blogsaverroes.juntadeandalucia.es\/ceipcampodelsur\/wp-json\/wp\/v2\/comments?post=3260"}],"version-history":[{"count":4,"href":"https:\/\/blogsaverroes.juntadeandalucia.es\/ceipcampodelsur\/wp-json\/wp\/v2\/posts\/3260\/revisions"}],"predecessor-version":[{"id":3265,"href":"https:\/\/blogsaverroes.juntadeandalucia.es\/ceipcampodelsur\/wp-json\/wp\/v2\/posts\/3260\/revisions\/3265"}],"wp:attachment":[{"href":"https:\/\/blogsaverroes.juntadeandalucia.es\/ceipcampodelsur\/wp-json\/wp\/v2\/media?parent=3260"}],"wp:term":[{"taxonomy":"category","embeddable":true,"href":"https:\/\/blogsaverroes.juntadeandalucia.es\/ceipcampodelsur\/wp-json\/wp\/v2\/categories?post=3260"},{"taxonomy":"post_tag","embeddable":true,"href":"https:\/\/blogsaverroes.juntadeandalucia.es\/ceipcampodelsur\/wp-json\/wp\/v2\/tags?post=3260"}],"curies":[{"name":"wp","href":"https:\/\/api.w.org\/{rel}","templated":true}]}}