{"id":3475,"date":"2018-09-09T16:11:44","date_gmt":"2018-09-09T16:11:44","guid":{"rendered":"https:\/\/blogsaverroes.juntadeandalucia.es\/ceipcampodelsur\/?p=3475"},"modified":"2018-09-09T18:42:05","modified_gmt":"2018-09-09T18:42:05","slug":"curso-2018-2019","status":"publish","type":"post","link":"https:\/\/blogsaverroes.juntadeandalucia.es\/ceipcampodelsur\/curso-2018-2019\/","title":{"rendered":"CURSO 2018-2019"},"content":{"rendered":"<p>Estimadas familias.<\/p>\n<p style=\"text-align: justify\">&nbsp;&nbsp;&nbsp;&nbsp;&nbsp; Queremos saludarles en este inicio de un nuevo curso en el que esperamos conseguir todos los objetivos que nos propongamos&nbsp; trabajando unidos alumnado, familias y profesorado.<\/p>\n<p style=\"text-align: justify\">&nbsp;&nbsp;&nbsp;&nbsp;&nbsp; Damos tambi\u00e9n la bienvenida a las familias del alumnado que se incorporan por primera vez a nuestro colegio y han confiado &nbsp;en el Proyecto Educativo que&nbsp;estamos desarrollando.<\/p>\n<p style=\"text-align: justify\">&nbsp;&nbsp;&nbsp;&nbsp;&nbsp; En relaci\u00f3n al inicio de curso les comunicamos lo siguiente:&nbsp;<\/p>\n<p><strong><u>ENTRADA DEL ALUMNADO.<\/u><\/strong><\/p>\n<p style=\"text-align: justify\">&nbsp;&nbsp;&nbsp;&nbsp;&nbsp;&nbsp; Recordamos que la puerta de entrada del alumnado se abre unos minutos antes de las 9:00 para <span style=\"text-decoration: underline\"><strong>comenzar las clases con puntualidad<\/strong><\/span>. La puerta se cerrar\u00e1 a las 9:05 h. La puntualidad es muy importante para el aprovechamiento de la jornada escolar. Sabemos que contamos con la colaboraci\u00f3n de la mayor\u00eda de las familias.<\/p>\n<p><strong><u>PLAN DE FAMILIA.<\/u><\/strong><img fetchpriority=\"high\" decoding=\"async\" class=\"alignright wp-image-3488 size-medium\" src=\"https:\/\/blogsaverroes.juntadeandalucia.es\/ceipcampodelsur\/files\/2018\/09\/Cotraportada-300x242.jpg\" alt=\"\" width=\"300\" height=\"242\" srcset=\"https:\/\/blogsaverroes.juntadeandalucia.es\/ceipcampodelsur\/files\/2018\/09\/Cotraportada-300x242.jpg 300w, https:\/\/blogsaverroes.juntadeandalucia.es\/ceipcampodelsur\/files\/2018\/09\/Cotraportada-24x19.jpg 24w, https:\/\/blogsaverroes.juntadeandalucia.es\/ceipcampodelsur\/files\/2018\/09\/Cotraportada-36x29.jpg 36w, https:\/\/blogsaverroes.juntadeandalucia.es\/ceipcampodelsur\/files\/2018\/09\/Cotraportada-48x39.jpg 48w, https:\/\/blogsaverroes.juntadeandalucia.es\/ceipcampodelsur\/files\/2018\/09\/Cotraportada.jpg 680w\" sizes=\"(max-width: 300px) 100vw, 300px\" \/><\/p>\n<p>AULA MATINAL Y COMEDOR: Comienzan el martes d\u00eda 11.<\/p>\n<p>ACTIVIDADES EXTRAESCOLARES: Comienzan el d\u00eda 1 de octubre.<\/p>\n<p><strong>Atenci\u00f3n a las familias: 9:15h<\/strong><\/p>\n<p>BONIFICACIONES: A partir del 3 de octubre.<\/p>\n<p><strong><u>II OLIMPIADA ESCOLAR.<\/u><\/strong><\/p>\n<p style=\"text-align: justify\">&nbsp;&nbsp;&nbsp;&nbsp;&nbsp;&nbsp; Este curso se celebrar\u00e1 en nuestro colegio la II Olimpiada Escolar de Colegios P\u00fablicos de C\u00e1diz, organizadas por el AMPA y con la colaboraci\u00f3n de todas las personas de la Comunidad Educativa que lo deseen. Ser\u00e1 un acontecimiento importante.<\/p>\n<p style=\"text-align: justify\">&nbsp;&nbsp;&nbsp;&nbsp; Nos caracterizamos por las buenas relaciones entre familias y profesorado. Aprovechamos&nbsp; para recordarles&nbsp; la necesidad de contar con su colaboraci\u00f3n&nbsp; para trabajar&nbsp; por un objetivo com\u00fan como es la formaci\u00f3n y educaci\u00f3n de nuestro alumnado, sus hijas e hijos.<\/p>\n<p>Reciban un cordial saludo. &nbsp;&nbsp;&nbsp;&nbsp;&nbsp;&nbsp;&nbsp;&nbsp;&nbsp;&nbsp;&nbsp;&nbsp; &nbsp;&nbsp;&nbsp;&nbsp;&nbsp;&nbsp;&nbsp;<\/p>\n<p style=\"text-align: center\">El Claustro de Profesorado<\/p>\n","protected":false},"excerpt":{"rendered":"<p>Estimadas familias. &nbsp;&nbsp;&nbsp;&nbsp;&nbsp; Queremos saludarles en este inicio de un nuevo curso en el que esperamos conseguir todos los objetivos que nos propongamos&nbsp; trabajando unidos alumnado, familias y profesorado. &nbsp;&nbsp;&nbsp;&nbsp;&nbsp; Damos tambi\u00e9n la bienvenida&#46;&#46;&#46;<\/p>\n","protected":false},"author":1906,"featured_media":0,"comment_status":"open","ping_status":"open","sticky":false,"template":"","format":"standard","meta":{"ngg_post_thumbnail":0,"footnotes":""},"categories":[11909],"tags":[],"aioseo_notices":[],"_links":{"self":[{"href":"https:\/\/blogsaverroes.juntadeandalucia.es\/ceipcampodelsur\/wp-json\/wp\/v2\/posts\/3475"}],"collection":[{"href":"https:\/\/blogsaverroes.juntadeandalucia.es\/ceipcampodelsur\/wp-json\/wp\/v2\/posts"}],"about":[{"href":"https:\/\/blogsaverroes.juntadeandalucia.es\/ceipcampodelsur\/wp-json\/wp\/v2\/types\/post"}],"author":[{"embeddable":true,"href":"https:\/\/blogsaverroes.juntadeandalucia.es\/ceipcampodelsur\/wp-json\/wp\/v2\/users\/1906"}],"replies":[{"embeddable":true,"href":"https:\/\/blogsaverroes.juntadeandalucia.es\/ceipcampodelsur\/wp-json\/wp\/v2\/comments?post=3475"}],"version-history":[{"count":11,"href":"https:\/\/blogsaverroes.juntadeandalucia.es\/ceipcampodelsur\/wp-json\/wp\/v2\/posts\/3475\/revisions"}],"predecessor-version":[{"id":3493,"href":"https:\/\/blogsaverroes.juntadeandalucia.es\/ceipcampodelsur\/wp-json\/wp\/v2\/posts\/3475\/revisions\/3493"}],"wp:attachment":[{"href":"https:\/\/blogsaverroes.juntadeandalucia.es\/ceipcampodelsur\/wp-json\/wp\/v2\/media?parent=3475"}],"wp:term":[{"taxonomy":"category","embeddable":true,"href":"https:\/\/blogsaverroes.juntadeandalucia.es\/ceipcampodelsur\/wp-json\/wp\/v2\/categories?post=3475"},{"taxonomy":"post_tag","embeddable":true,"href":"https:\/\/blogsaverroes.juntadeandalucia.es\/ceipcampodelsur\/wp-json\/wp\/v2\/tags?post=3475"}],"curies":[{"name":"wp","href":"https:\/\/api.w.org\/{rel}","templated":true}]}}