{"id":3680,"date":"2019-03-14T16:13:36","date_gmt":"2019-03-14T16:13:36","guid":{"rendered":"https:\/\/blogsaverroes.juntadeandalucia.es\/ceipcampodelsur\/?p=3680"},"modified":"2019-03-14T16:15:06","modified_gmt":"2019-03-14T16:15:06","slug":"mmql-mucho-mas-que-leer","status":"publish","type":"post","link":"https:\/\/blogsaverroes.juntadeandalucia.es\/ceipcampodelsur\/mmql-mucho-mas-que-leer\/","title":{"rendered":"MMQL. Mucho m\u00e1s que leer."},"content":{"rendered":"<p><img fetchpriority=\"high\" decoding=\"async\" class=\"size-medium wp-image-3682 alignleft\" src=\"https:\/\/blogsaverroes.juntadeandalucia.es\/ceipcampodelsur\/files\/2019\/03\/586833c9-6930-4ec4-815d-3b7a92dda6e8-300x169.jpg\" alt=\"\" width=\"300\" height=\"169\" srcset=\"https:\/\/blogsaverroes.juntadeandalucia.es\/ceipcampodelsur\/files\/2019\/03\/586833c9-6930-4ec4-815d-3b7a92dda6e8-300x169.jpg 300w, https:\/\/blogsaverroes.juntadeandalucia.es\/ceipcampodelsur\/files\/2019\/03\/586833c9-6930-4ec4-815d-3b7a92dda6e8-1024x576.jpg 1024w, https:\/\/blogsaverroes.juntadeandalucia.es\/ceipcampodelsur\/files\/2019\/03\/586833c9-6930-4ec4-815d-3b7a92dda6e8-24x14.jpg 24w, https:\/\/blogsaverroes.juntadeandalucia.es\/ceipcampodelsur\/files\/2019\/03\/586833c9-6930-4ec4-815d-3b7a92dda6e8-36x20.jpg 36w, https:\/\/blogsaverroes.juntadeandalucia.es\/ceipcampodelsur\/files\/2019\/03\/586833c9-6930-4ec4-815d-3b7a92dda6e8-48x27.jpg 48w, https:\/\/blogsaverroes.juntadeandalucia.es\/ceipcampodelsur\/files\/2019\/03\/586833c9-6930-4ec4-815d-3b7a92dda6e8.jpg 1496w\" sizes=\"(max-width: 300px) 100vw, 300px\" \/><\/p>\n<p>Un curso m\u00e1s ponemos en marcha el proyecto MMQL contando con la participaci\u00f3n de las familias que fueron formadas para llevarlo a cabo y que este curso va dirigido al alumnado de tercero y cuarto.<\/p>\n<p>Nuestro colegio como centro promotor de convivencia positiva y perteneciendo a la Red Andaluza de Escuelas Espacios de Paz, integra este taller porque adem\u00e1s de trabajar la lectura va mucho m\u00e1s all\u00e1, ya que utiliza din\u00e1micas para la cohesi\u00f3n del grupo que est\u00e1n relacionadas con la educaci\u00f3n emocional. Aqu\u00ed dejamos constancia de la primera sesi\u00f3n. <a href=\"https:\/\/photos.app.goo.gl\/KKvfXswxu2qF4BTo8\"><img decoding=\"async\" class=\"wp-image-3616 aligncenter\" src=\"https:\/\/blogsaverroes.juntadeandalucia.es\/ceipcampodelsur\/files\/2018\/11\/GALERIA-DE-FOTOS.jpg\" alt=\"\" width=\"148\" height=\"47\" srcset=\"https:\/\/blogsaverroes.juntadeandalucia.es\/ceipcampodelsur\/files\/2018\/11\/GALERIA-DE-FOTOS.jpg 268w, https:\/\/blogsaverroes.juntadeandalucia.es\/ceipcampodelsur\/files\/2018\/11\/GALERIA-DE-FOTOS-24x8.jpg 24w, https:\/\/blogsaverroes.juntadeandalucia.es\/ceipcampodelsur\/files\/2018\/11\/GALERIA-DE-FOTOS-36x11.jpg 36w, https:\/\/blogsaverroes.juntadeandalucia.es\/ceipcampodelsur\/files\/2018\/11\/GALERIA-DE-FOTOS-48x15.jpg 48w\" sizes=\"(max-width: 148px) 100vw, 148px\" \/><\/a><\/p>\n","protected":false},"excerpt":{"rendered":"<p>Un curso m\u00e1s ponemos en marcha el proyecto MMQL contando con la participaci\u00f3n de las familias que fueron formadas para llevarlo a cabo y que este curso va dirigido al alumnado de tercero y&#46;&#46;&#46;<\/p>\n","protected":false},"author":1906,"featured_media":0,"comment_status":"open","ping_status":"open","sticky":false,"template":"","format":"standard","meta":{"ngg_post_thumbnail":0,"footnotes":""},"categories":[11909],"tags":[],"aioseo_notices":[],"_links":{"self":[{"href":"https:\/\/blogsaverroes.juntadeandalucia.es\/ceipcampodelsur\/wp-json\/wp\/v2\/posts\/3680"}],"collection":[{"href":"https:\/\/blogsaverroes.juntadeandalucia.es\/ceipcampodelsur\/wp-json\/wp\/v2\/posts"}],"about":[{"href":"https:\/\/blogsaverroes.juntadeandalucia.es\/ceipcampodelsur\/wp-json\/wp\/v2\/types\/post"}],"author":[{"embeddable":true,"href":"https:\/\/blogsaverroes.juntadeandalucia.es\/ceipcampodelsur\/wp-json\/wp\/v2\/users\/1906"}],"replies":[{"embeddable":true,"href":"https:\/\/blogsaverroes.juntadeandalucia.es\/ceipcampodelsur\/wp-json\/wp\/v2\/comments?post=3680"}],"version-history":[{"count":7,"href":"https:\/\/blogsaverroes.juntadeandalucia.es\/ceipcampodelsur\/wp-json\/wp\/v2\/posts\/3680\/revisions"}],"predecessor-version":[{"id":3688,"href":"https:\/\/blogsaverroes.juntadeandalucia.es\/ceipcampodelsur\/wp-json\/wp\/v2\/posts\/3680\/revisions\/3688"}],"wp:attachment":[{"href":"https:\/\/blogsaverroes.juntadeandalucia.es\/ceipcampodelsur\/wp-json\/wp\/v2\/media?parent=3680"}],"wp:term":[{"taxonomy":"category","embeddable":true,"href":"https:\/\/blogsaverroes.juntadeandalucia.es\/ceipcampodelsur\/wp-json\/wp\/v2\/categories?post=3680"},{"taxonomy":"post_tag","embeddable":true,"href":"https:\/\/blogsaverroes.juntadeandalucia.es\/ceipcampodelsur\/wp-json\/wp\/v2\/tags?post=3680"}],"curies":[{"name":"wp","href":"https:\/\/api.w.org\/{rel}","templated":true}]}}