{"id":4108,"date":"2020-04-22T18:24:10","date_gmt":"2020-04-22T18:24:10","guid":{"rendered":"https:\/\/blogsaverroes.juntadeandalucia.es\/ceipcampodelsur\/?p=4108"},"modified":"2020-05-21T18:00:05","modified_gmt":"2020-05-21T16:00:05","slug":"dia-del-libro-2020","status":"publish","type":"post","link":"https:\/\/blogsaverroes.juntadeandalucia.es\/ceipcampodelsur\/dia-del-libro-2020\/","title":{"rendered":"D\u00cdA DEL LIBRO 2020. #YOMEQUEDOENCASALEYENDO."},"content":{"rendered":"<h4 style=\"text-align: center\">Nuestra celebraci\u00f3n del D\u00eda del Libro. Gracias a la se\u00f1o&nbsp; Vicky por el video y el trabajo de recopilar las fotos de todas las personas que han querido participar.<\/h4>\n<table style=\"height: 341px\" width=\"644\">\n<tbody>\n<tr style=\"height: 255px\">\n<td style=\"width: 647.183px;background-color: #fae7d2;text-align: center;height: 255px\">[youtube https:\/\/www.youtube.com\/watch?v=aUfc3wKVw1c]&nbsp;<\/td>\n<\/tr>\n<\/tbody>\n<\/table>\n","protected":false},"excerpt":{"rendered":"<p>Nuestra celebraci\u00f3n del D\u00eda del Libro. Gracias a la se\u00f1o&nbsp; Vicky por el video y el trabajo de recopilar las fotos de todas las personas que han querido participar. [youtube https:\/\/www.youtube.com\/watch?v=aUfc3wKVw1c]&nbsp;<\/p>\n","protected":false},"author":1906,"featured_media":0,"comment_status":"closed","ping_status":"open","sticky":false,"template":"","format":"standard","meta":{"ngg_post_thumbnail":0,"footnotes":""},"categories":[975137],"tags":[],"aioseo_notices":[],"_links":{"self":[{"href":"https:\/\/blogsaverroes.juntadeandalucia.es\/ceipcampodelsur\/wp-json\/wp\/v2\/posts\/4108"}],"collection":[{"href":"https:\/\/blogsaverroes.juntadeandalucia.es\/ceipcampodelsur\/wp-json\/wp\/v2\/posts"}],"about":[{"href":"https:\/\/blogsaverroes.juntadeandalucia.es\/ceipcampodelsur\/wp-json\/wp\/v2\/types\/post"}],"author":[{"embeddable":true,"href":"https:\/\/blogsaverroes.juntadeandalucia.es\/ceipcampodelsur\/wp-json\/wp\/v2\/users\/1906"}],"replies":[{"embeddable":true,"href":"https:\/\/blogsaverroes.juntadeandalucia.es\/ceipcampodelsur\/wp-json\/wp\/v2\/comments?post=4108"}],"version-history":[{"count":10,"href":"https:\/\/blogsaverroes.juntadeandalucia.es\/ceipcampodelsur\/wp-json\/wp\/v2\/posts\/4108\/revisions"}],"predecessor-version":[{"id":4176,"href":"https:\/\/blogsaverroes.juntadeandalucia.es\/ceipcampodelsur\/wp-json\/wp\/v2\/posts\/4108\/revisions\/4176"}],"wp:attachment":[{"href":"https:\/\/blogsaverroes.juntadeandalucia.es\/ceipcampodelsur\/wp-json\/wp\/v2\/media?parent=4108"}],"wp:term":[{"taxonomy":"category","embeddable":true,"href":"https:\/\/blogsaverroes.juntadeandalucia.es\/ceipcampodelsur\/wp-json\/wp\/v2\/categories?post=4108"},{"taxonomy":"post_tag","embeddable":true,"href":"https:\/\/blogsaverroes.juntadeandalucia.es\/ceipcampodelsur\/wp-json\/wp\/v2\/tags?post=4108"}],"curies":[{"name":"wp","href":"https:\/\/api.w.org\/{rel}","templated":true}]}}