{"id":4440,"date":"2021-02-25T12:50:16","date_gmt":"2021-02-25T11:50:16","guid":{"rendered":"https:\/\/blogsaverroes.juntadeandalucia.es\/ceipcampodelsur\/?p=4440"},"modified":"2021-02-28T14:31:25","modified_gmt":"2021-02-28T13:31:25","slug":"dia-de-andalucia-2021","status":"publish","type":"post","link":"https:\/\/blogsaverroes.juntadeandalucia.es\/ceipcampodelsur\/dia-de-andalucia-2021\/","title":{"rendered":"D\u00cdA DE ANDALUC\u00cdA. BIBLIOTECA"},"content":{"rendered":"<h4 style=\"text-align: center\">Desde la biblioteca del cole nos han preparado cuentos e historias para conmemorar el D\u00eda de Andaluc\u00eda. Desde aqu\u00ed podemos&nbsp; volver a verlos y disfrutarlos.<\/h4>\n<table style=\"border-collapse: collapse;width: 100%\">\n<tbody>\n<tr>\n<td style=\"width: 100%;text-align: center\"><iframe src=\"https:\/\/view.genial.ly\/602e37dedb26e50d9b1c7556\" scrolling=\"yes\" width=\"600px\" height=\"338px\" frameborder=\"0\"><span style=\"width: 0px;overflow: hidden;line-height: 0\" data-mce-type=\"bookmark\" class=\"mce_SELRES_start\">\ufeff<\/span><\/iframe><\/td>\n<\/tr>\n<\/tbody>\n<\/table>\n","protected":false},"excerpt":{"rendered":"<p>Desde la biblioteca del cole nos han preparado cuentos e historias para conmemorar el D\u00eda de Andaluc\u00eda. Desde aqu\u00ed podemos&nbsp; volver a verlos y disfrutarlos. \ufeff<\/p>\n","protected":false},"author":1906,"featured_media":0,"comment_status":"open","ping_status":"open","sticky":false,"template":"","format":"standard","meta":{"ngg_post_thumbnail":0,"footnotes":""},"categories":[5991,213],"tags":[],"aioseo_notices":[],"_links":{"self":[{"href":"https:\/\/blogsaverroes.juntadeandalucia.es\/ceipcampodelsur\/wp-json\/wp\/v2\/posts\/4440"}],"collection":[{"href":"https:\/\/blogsaverroes.juntadeandalucia.es\/ceipcampodelsur\/wp-json\/wp\/v2\/posts"}],"about":[{"href":"https:\/\/blogsaverroes.juntadeandalucia.es\/ceipcampodelsur\/wp-json\/wp\/v2\/types\/post"}],"author":[{"embeddable":true,"href":"https:\/\/blogsaverroes.juntadeandalucia.es\/ceipcampodelsur\/wp-json\/wp\/v2\/users\/1906"}],"replies":[{"embeddable":true,"href":"https:\/\/blogsaverroes.juntadeandalucia.es\/ceipcampodelsur\/wp-json\/wp\/v2\/comments?post=4440"}],"version-history":[{"count":7,"href":"https:\/\/blogsaverroes.juntadeandalucia.es\/ceipcampodelsur\/wp-json\/wp\/v2\/posts\/4440\/revisions"}],"predecessor-version":[{"id":4443,"href":"https:\/\/blogsaverroes.juntadeandalucia.es\/ceipcampodelsur\/wp-json\/wp\/v2\/posts\/4440\/revisions\/4443"}],"wp:attachment":[{"href":"https:\/\/blogsaverroes.juntadeandalucia.es\/ceipcampodelsur\/wp-json\/wp\/v2\/media?parent=4440"}],"wp:term":[{"taxonomy":"category","embeddable":true,"href":"https:\/\/blogsaverroes.juntadeandalucia.es\/ceipcampodelsur\/wp-json\/wp\/v2\/categories?post=4440"},{"taxonomy":"post_tag","embeddable":true,"href":"https:\/\/blogsaverroes.juntadeandalucia.es\/ceipcampodelsur\/wp-json\/wp\/v2\/tags?post=4440"}],"curies":[{"name":"wp","href":"https:\/\/api.w.org\/{rel}","templated":true}]}}