{"id":4450,"date":"2021-02-25T12:57:28","date_gmt":"2021-02-25T11:57:28","guid":{"rendered":"https:\/\/blogsaverroes.juntadeandalucia.es\/ceipcampodelsur\/?p=4450"},"modified":"2021-02-25T18:41:47","modified_gmt":"2021-02-25T17:41:47","slug":"tde-moodle-centros","status":"publish","type":"post","link":"https:\/\/blogsaverroes.juntadeandalucia.es\/ceipcampodelsur\/tde-moodle-centros\/","title":{"rendered":"#TDE. MOODLE CENTROS"},"content":{"rendered":"<h4 style=\"text-align: center\">El alumnado de 6\u00ba, en el \u00e1rea de m\u00fasica, ha tra\u00eddo al cole sus tel\u00e9fonos m\u00f3viles. Han aprendido a subir tareas a Moodle Centros con sus propios dispositivos. Motivaci\u00f3n extra para avanzar en su competencia digital.<\/h4>\n<table style=\"border-collapse: collapse;width: 100%\">\n<tbody>\n<tr>\n<td style=\"width: 50%;text-align: center\"><a href=\"https:\/\/blogsaverroes.juntadeandalucia.es\/ceipcampodelsur\/files\/2021\/02\/IMG-4321-scaled.jpg\"><img fetchpriority=\"high\" decoding=\"async\" class=\"aligncenter size-full wp-image-4453\" src=\"https:\/\/blogsaverroes.juntadeandalucia.es\/ceipcampodelsur\/files\/2021\/02\/IMG-4321-scaled.jpg\" alt=\"\" width=\"1600\" height=\"1200\" srcset=\"https:\/\/blogsaverroes.juntadeandalucia.es\/ceipcampodelsur\/files\/2021\/02\/IMG-4321-scaled.jpg 1600w, https:\/\/blogsaverroes.juntadeandalucia.es\/ceipcampodelsur\/files\/2021\/02\/IMG-4321-300x225.jpg 300w, https:\/\/blogsaverroes.juntadeandalucia.es\/ceipcampodelsur\/files\/2021\/02\/IMG-4321-1024x768.jpg 1024w, https:\/\/blogsaverroes.juntadeandalucia.es\/ceipcampodelsur\/files\/2021\/02\/IMG-4321-768x576.jpg 768w, https:\/\/blogsaverroes.juntadeandalucia.es\/ceipcampodelsur\/files\/2021\/02\/IMG-4321-1536x1152.jpg 1536w, https:\/\/blogsaverroes.juntadeandalucia.es\/ceipcampodelsur\/files\/2021\/02\/IMG-4321-2048x1536.jpg 2048w\" sizes=\"(max-width: 1600px) 100vw, 1600px\" \/><\/a><\/td>\n<td style=\"width: 50%;text-align: center\"><a href=\"https:\/\/blogsaverroes.juntadeandalucia.es\/ceipcampodelsur\/files\/2021\/02\/IMG-4326.jpg\"><img decoding=\"async\" class=\"aligncenter size-full wp-image-4451\" src=\"https:\/\/blogsaverroes.juntadeandalucia.es\/ceipcampodelsur\/files\/2021\/02\/IMG-4326.jpg\" alt=\"\" width=\"1024\" height=\"801\" srcset=\"https:\/\/blogsaverroes.juntadeandalucia.es\/ceipcampodelsur\/files\/2021\/02\/IMG-4326.jpg 1024w, https:\/\/blogsaverroes.juntadeandalucia.es\/ceipcampodelsur\/files\/2021\/02\/IMG-4326-300x235.jpg 300w, https:\/\/blogsaverroes.juntadeandalucia.es\/ceipcampodelsur\/files\/2021\/02\/IMG-4326-768x601.jpg 768w\" sizes=\"(max-width: 1024px) 100vw, 1024px\" \/><\/a><\/td>\n<\/tr>\n<tr>\n<td style=\"width: 50%;text-align: center\"><a href=\"https:\/\/blogsaverroes.juntadeandalucia.es\/ceipcampodelsur\/files\/2021\/02\/IMG-4319-scaled.jpg\"><img decoding=\"async\" class=\"aligncenter size-full wp-image-4452\" src=\"https:\/\/blogsaverroes.juntadeandalucia.es\/ceipcampodelsur\/files\/2021\/02\/IMG-4319-scaled.jpg\" alt=\"\" width=\"1600\" height=\"1200\" srcset=\"https:\/\/blogsaverroes.juntadeandalucia.es\/ceipcampodelsur\/files\/2021\/02\/IMG-4319-scaled.jpg 1600w, https:\/\/blogsaverroes.juntadeandalucia.es\/ceipcampodelsur\/files\/2021\/02\/IMG-4319-300x225.jpg 300w, https:\/\/blogsaverroes.juntadeandalucia.es\/ceipcampodelsur\/files\/2021\/02\/IMG-4319-1024x768.jpg 1024w, https:\/\/blogsaverroes.juntadeandalucia.es\/ceipcampodelsur\/files\/2021\/02\/IMG-4319-768x576.jpg 768w, https:\/\/blogsaverroes.juntadeandalucia.es\/ceipcampodelsur\/files\/2021\/02\/IMG-4319-1536x1152.jpg 1536w, https:\/\/blogsaverroes.juntadeandalucia.es\/ceipcampodelsur\/files\/2021\/02\/IMG-4319-2048x1536.jpg 2048w\" sizes=\"(max-width: 1600px) 100vw, 1600px\" \/><\/a><\/td>\n<td style=\"width: 50%;text-align: center\"><a href=\"https:\/\/blogsaverroes.juntadeandalucia.es\/ceipcampodelsur\/files\/2021\/02\/IMG-4322-scaled.jpg\"><img loading=\"lazy\" decoding=\"async\" class=\"aligncenter size-full wp-image-4454\" src=\"https:\/\/blogsaverroes.juntadeandalucia.es\/ceipcampodelsur\/files\/2021\/02\/IMG-4322-scaled.jpg\" alt=\"\" width=\"1600\" height=\"1200\" srcset=\"https:\/\/blogsaverroes.juntadeandalucia.es\/ceipcampodelsur\/files\/2021\/02\/IMG-4322-scaled.jpg 1600w, https:\/\/blogsaverroes.juntadeandalucia.es\/ceipcampodelsur\/files\/2021\/02\/IMG-4322-300x225.jpg 300w, https:\/\/blogsaverroes.juntadeandalucia.es\/ceipcampodelsur\/files\/2021\/02\/IMG-4322-1024x768.jpg 1024w, https:\/\/blogsaverroes.juntadeandalucia.es\/ceipcampodelsur\/files\/2021\/02\/IMG-4322-768x576.jpg 768w, https:\/\/blogsaverroes.juntadeandalucia.es\/ceipcampodelsur\/files\/2021\/02\/IMG-4322-1536x1152.jpg 1536w, https:\/\/blogsaverroes.juntadeandalucia.es\/ceipcampodelsur\/files\/2021\/02\/IMG-4322-2048x1536.jpg 2048w\" sizes=\"(max-width: 1600px) 100vw, 1600px\" \/><\/a><\/td>\n<\/tr>\n<\/tbody>\n<\/table>\n","protected":false},"excerpt":{"rendered":"<p>El alumnado de 6\u00ba, en el \u00e1rea de m\u00fasica, ha tra\u00eddo al cole sus tel\u00e9fonos m\u00f3viles. Han aprendido a subir tareas a Moodle Centros con sus propios dispositivos. Motivaci\u00f3n extra para avanzar en su&#46;&#46;&#46;<\/p>\n","protected":false},"author":1906,"featured_media":0,"comment_status":"open","ping_status":"open","sticky":false,"template":"","format":"standard","meta":{"ngg_post_thumbnail":0,"footnotes":""},"categories":[975141],"tags":[],"aioseo_notices":[],"_links":{"self":[{"href":"https:\/\/blogsaverroes.juntadeandalucia.es\/ceipcampodelsur\/wp-json\/wp\/v2\/posts\/4450"}],"collection":[{"href":"https:\/\/blogsaverroes.juntadeandalucia.es\/ceipcampodelsur\/wp-json\/wp\/v2\/posts"}],"about":[{"href":"https:\/\/blogsaverroes.juntadeandalucia.es\/ceipcampodelsur\/wp-json\/wp\/v2\/types\/post"}],"author":[{"embeddable":true,"href":"https:\/\/blogsaverroes.juntadeandalucia.es\/ceipcampodelsur\/wp-json\/wp\/v2\/users\/1906"}],"replies":[{"embeddable":true,"href":"https:\/\/blogsaverroes.juntadeandalucia.es\/ceipcampodelsur\/wp-json\/wp\/v2\/comments?post=4450"}],"version-history":[{"count":1,"href":"https:\/\/blogsaverroes.juntadeandalucia.es\/ceipcampodelsur\/wp-json\/wp\/v2\/posts\/4450\/revisions"}],"predecessor-version":[{"id":4455,"href":"https:\/\/blogsaverroes.juntadeandalucia.es\/ceipcampodelsur\/wp-json\/wp\/v2\/posts\/4450\/revisions\/4455"}],"wp:attachment":[{"href":"https:\/\/blogsaverroes.juntadeandalucia.es\/ceipcampodelsur\/wp-json\/wp\/v2\/media?parent=4450"}],"wp:term":[{"taxonomy":"category","embeddable":true,"href":"https:\/\/blogsaverroes.juntadeandalucia.es\/ceipcampodelsur\/wp-json\/wp\/v2\/categories?post=4450"},{"taxonomy":"post_tag","embeddable":true,"href":"https:\/\/blogsaverroes.juntadeandalucia.es\/ceipcampodelsur\/wp-json\/wp\/v2\/tags?post=4450"}],"curies":[{"name":"wp","href":"https:\/\/api.w.org\/{rel}","templated":true}]}}