{"id":1125,"date":"2016-06-22T10:12:00","date_gmt":"2016-06-22T09:12:00","guid":{"rendered":"https:\/\/blogsaverroes.juntadeandalucia.es\/ceipcamposoto\/fiesta-fin-de-curso-2\/"},"modified":"2016-06-22T10:12:00","modified_gmt":"2016-06-22T09:12:00","slug":"fiesta-fin-de-curso-2","status":"publish","type":"post","link":"https:\/\/blogsaverroes.juntadeandalucia.es\/ceipcamposoto\/fiesta-fin-de-curso-2\/","title":{"rendered":"Fiesta fin de curso"},"content":{"rendered":"<div style=\"text-align: center\"><b><u><span style=\"font-size: 13.0pt;line-height: 115%\">FIESTA FIN DE CURSO<\/span><\/u><\/b><span style=\"font-size: 13.0pt;line-height: 115%\"><\/span><\/div>\n<div style=\"text-align: center\"><b><u><span style=\"font-size: 13.0pt;line-height: 115%\"><br \/><\/span><\/u><\/b><\/div>\n<div style=\"margin-bottom: .0001pt;margin-bottom: 0cm;text-align: justify\"><span style=\"font-size: 13.0pt;line-height: 115%\">&nbsp;&nbsp;&nbsp;&nbsp;&nbsp;&nbsp;&nbsp;&nbsp;&nbsp;&nbsp;&nbsp; Hoy mi\u00e9rcoles 22 de junio celebraremos la fiesta fin de curso del Centro en la que os invitaremos a recordar algunas series de televisi\u00f3n. Los\/as alumnos\/as han preparado peque\u00f1as actuaciones que os llevar\u00e1n a recordar personajes, historias de la televisi\u00f3n, de la primera y segunda cadena.<\/span><\/div>\n<div style=\"margin-bottom: .0001pt;margin-bottom: 0cm;text-align: justify\"><span style=\"font-size: 13.0pt;line-height: 115%\"><br \/><\/span><\/div>\n<div style=\"margin-bottom: .0001pt;margin-bottom: 0cm;text-align: justify\"><span style=\"font-size: 13.0pt;line-height: 115%\">&nbsp;&nbsp;&nbsp;&nbsp;&nbsp;&nbsp;&nbsp;&nbsp;&nbsp;&nbsp;&nbsp; Para ese d\u00eda entregaremos a cada familia 2 invitaciones para poder acceder a la pista deportiva y ver la actuaci\u00f3n. Debido a que para la actuaci\u00f3n es necesario el uso de la pista deportiva completa nos queda poco espacio para ubicar a quienes quieren ver la actuaci\u00f3n, y para evitar males mayores y en un ejercicio de responsabilidad hacemos esa limitaci\u00f3n necesaria para el acceso a la pista. Esperamos la colaboraci\u00f3n de todos\/as.<\/span><\/div>\n<div style=\"margin-bottom: .0001pt;margin-bottom: 0cm;text-align: justify\"><span style=\"font-size: 13.0pt;line-height: 115%\"><br \/><\/span><\/div>\n<div style=\"margin-bottom: .0001pt;margin-bottom: 0cm;text-align: justify\"><span style=\"font-size: 13.0pt;line-height: 115%\">&nbsp;&nbsp;&nbsp;&nbsp;&nbsp;&nbsp;&nbsp;&nbsp;&nbsp;&nbsp;&nbsp; El alumnado acceder\u00e1 al Centro a las 19:00 horas por la entrada usual de clase (tanto infantil como primaria), y se estima que empecemos a las 19:30 h. El alumnado de Educaci\u00f3n Infantil ser\u00e1 recogido cuando acabe la actuaci\u00f3n de toda su etapa, es decir al terminar la actuaci\u00f3n de infantil de 5 a\u00f1os, por la cristalera del edificio de primaria m\u00e1s cercana a la entrada principal. El alumnado de Primaria y aula espec\u00edfica ser\u00e1 recogido por el lugar habitual de salida al final de toda la actuaci\u00f3n.<\/span><\/div>\n<div style=\"margin-bottom: .0001pt;margin-bottom: 0cm;text-align: justify\"><span style=\"font-size: 13.0pt;line-height: 115%\"><br \/><\/span><\/div>\n<p><\/p>\n<div style=\"margin-bottom: .0001pt;margin-bottom: 0cm;text-align: justify\"><span style=\"font-size: 13.0pt;line-height: 115%\">&nbsp;&nbsp;&nbsp;&nbsp;&nbsp;&nbsp;&nbsp;&nbsp;&nbsp;&nbsp;&nbsp; Despu\u00e9s de la actuaci\u00f3n tendremos una peque\u00f1a convivencia entre todos\/as, y para ello el AMPA nos propone bailar y escuchar m\u00fasica con una actuaci\u00f3n. Habr\u00e1 una barra que llevar\u00e1 el AMPA junto a las madres y padres de 5\u00ba de Primaria. Esperamos que nos acompa\u00f1\u00e9is un rato y lo pas\u00e9is bien.<\/span><\/div>\n","protected":false},"excerpt":{"rendered":"<p>FIESTA FIN DE CURSO &nbsp;&nbsp;&nbsp;&nbsp;&nbsp;&nbsp;&nbsp;&nbsp;&nbsp;&nbsp;&nbsp; Hoy mi\u00e9rcoles 22 de junio celebraremos la fiesta fin de curso del Centro en la que os invitaremos a recordar algunas series de televisi\u00f3n. Los\/as alumnos\/as han preparado peque\u00f1as&#46;&#46;&#46;<\/p>\n","protected":false},"author":15593,"featured_media":0,"comment_status":"closed","ping_status":"open","sticky":false,"template":"","format":"standard","meta":{"ngg_post_thumbnail":0,"footnotes":""},"categories":[1],"tags":[],"aioseo_notices":[],"_links":{"self":[{"href":"https:\/\/blogsaverroes.juntadeandalucia.es\/ceipcamposoto\/wp-json\/wp\/v2\/posts\/1125"}],"collection":[{"href":"https:\/\/blogsaverroes.juntadeandalucia.es\/ceipcamposoto\/wp-json\/wp\/v2\/posts"}],"about":[{"href":"https:\/\/blogsaverroes.juntadeandalucia.es\/ceipcamposoto\/wp-json\/wp\/v2\/types\/post"}],"author":[{"embeddable":true,"href":"https:\/\/blogsaverroes.juntadeandalucia.es\/ceipcamposoto\/wp-json\/wp\/v2\/users\/15593"}],"replies":[{"embeddable":true,"href":"https:\/\/blogsaverroes.juntadeandalucia.es\/ceipcamposoto\/wp-json\/wp\/v2\/comments?post=1125"}],"version-history":[{"count":0,"href":"https:\/\/blogsaverroes.juntadeandalucia.es\/ceipcamposoto\/wp-json\/wp\/v2\/posts\/1125\/revisions"}],"wp:attachment":[{"href":"https:\/\/blogsaverroes.juntadeandalucia.es\/ceipcamposoto\/wp-json\/wp\/v2\/media?parent=1125"}],"wp:term":[{"taxonomy":"category","embeddable":true,"href":"https:\/\/blogsaverroes.juntadeandalucia.es\/ceipcamposoto\/wp-json\/wp\/v2\/categories?post=1125"},{"taxonomy":"post_tag","embeddable":true,"href":"https:\/\/blogsaverroes.juntadeandalucia.es\/ceipcamposoto\/wp-json\/wp\/v2\/tags?post=1125"}],"curies":[{"name":"wp","href":"https:\/\/api.w.org\/{rel}","templated":true}]}}