{"id":1144,"date":"2016-02-24T14:13:00","date_gmt":"2016-02-24T13:13:00","guid":{"rendered":"https:\/\/blogsaverroes.juntadeandalucia.es\/ceipcamposoto\/desayuno-andaluz\/"},"modified":"2016-02-24T14:13:00","modified_gmt":"2016-02-24T13:13:00","slug":"desayuno-andaluz","status":"publish","type":"post","link":"https:\/\/blogsaverroes.juntadeandalucia.es\/ceipcamposoto\/desayuno-andaluz\/","title":{"rendered":"Desayuno andaluz"},"content":{"rendered":"<div style=\"clear: both;text-align: center\"><a href=\"https:\/\/1.bp.blogspot.com\/-0fDnYa5AU5k\/Vs2sWOeMY7I\/AAAAAAAADGM\/roZUBCKWYis\/s1600\/Bandera-animada-de-Andalucia-02.gif\" style=\"margin-left: 1em;margin-right: 1em\"><img decoding=\"async\" border=\"0\" src=\"https:\/\/1.bp.blogspot.com\/-0fDnYa5AU5k\/Vs2sWOeMY7I\/AAAAAAAADGM\/roZUBCKWYis\/s1600\/Bandera-animada-de-Andalucia-02.gif\" \/><\/a><\/div>\n<div><\/div>\n<div>\n<div align=\"center\" style=\"background: white;text-align: center\"><u><span style=\"font-size: 14.0pt;line-height: 115%\">DESAYUNO ANDALUZ<\/span><\/u><\/div>\n<div style=\"background: white;text-align: justify\"><span style=\"font-size: 14.0pt;line-height: 115%\">Ma\u00f1ana jueves 25 de febrero tendremos algunas actividades con motivo de la celebraci\u00f3n del d\u00eda de Andaluc\u00eda. Una de ellas ser\u00e1 el desayuno andaluz que consistir\u00e1 en pan con aceite y leche con cacao. Si alg\u00fan alumno\/a tiene alguna alergia o intolerancia a la lactosa o al gluten debe record\u00e1rselo por escrito a su tutor\/a, y se le proporcionar\u00e1 un desayuno alternativo. El desayuno ser\u00e1 organizado y repartido por nuestro AMPA, y ha contado con la colaboraci\u00f3n del Ayuntamiento de San Fernando.<\/span><\/div>\n<div style=\"background: white;text-align: justify\"><span style=\"font-size: 14.0pt;line-height: 115%\">El alumnado que quiera puede venir vestido con traje tradicional andaluz.<\/span><\/div>\n<\/div>\n","protected":false},"excerpt":{"rendered":"<p>DESAYUNO ANDALUZ Ma\u00f1ana jueves 25 de febrero tendremos algunas actividades con motivo de la celebraci\u00f3n del d\u00eda de Andaluc\u00eda. Una de ellas ser\u00e1 el desayuno andaluz que consistir\u00e1 en pan con aceite y leche&#46;&#46;&#46;<\/p>\n","protected":false},"author":15593,"featured_media":0,"comment_status":"closed","ping_status":"open","sticky":false,"template":"","format":"standard","meta":{"ngg_post_thumbnail":0,"footnotes":""},"categories":[1],"tags":[],"aioseo_notices":[],"_links":{"self":[{"href":"https:\/\/blogsaverroes.juntadeandalucia.es\/ceipcamposoto\/wp-json\/wp\/v2\/posts\/1144"}],"collection":[{"href":"https:\/\/blogsaverroes.juntadeandalucia.es\/ceipcamposoto\/wp-json\/wp\/v2\/posts"}],"about":[{"href":"https:\/\/blogsaverroes.juntadeandalucia.es\/ceipcamposoto\/wp-json\/wp\/v2\/types\/post"}],"author":[{"embeddable":true,"href":"https:\/\/blogsaverroes.juntadeandalucia.es\/ceipcamposoto\/wp-json\/wp\/v2\/users\/15593"}],"replies":[{"embeddable":true,"href":"https:\/\/blogsaverroes.juntadeandalucia.es\/ceipcamposoto\/wp-json\/wp\/v2\/comments?post=1144"}],"version-history":[{"count":0,"href":"https:\/\/blogsaverroes.juntadeandalucia.es\/ceipcamposoto\/wp-json\/wp\/v2\/posts\/1144\/revisions"}],"wp:attachment":[{"href":"https:\/\/blogsaverroes.juntadeandalucia.es\/ceipcamposoto\/wp-json\/wp\/v2\/media?parent=1144"}],"wp:term":[{"taxonomy":"category","embeddable":true,"href":"https:\/\/blogsaverroes.juntadeandalucia.es\/ceipcamposoto\/wp-json\/wp\/v2\/categories?post=1144"},{"taxonomy":"post_tag","embeddable":true,"href":"https:\/\/blogsaverroes.juntadeandalucia.es\/ceipcamposoto\/wp-json\/wp\/v2\/tags?post=1144"}],"curies":[{"name":"wp","href":"https:\/\/api.w.org\/{rel}","templated":true}]}}