{"id":1175,"date":"2015-09-09T15:27:00","date_gmt":"2015-09-09T14:27:00","guid":{"rendered":"https:\/\/blogsaverroes.juntadeandalucia.es\/ceipcamposoto\/entrada-de-alumnos-as-el-primer-dia\/"},"modified":"2015-09-09T15:27:00","modified_gmt":"2015-09-09T14:27:00","slug":"entrada-de-alumnos-as-el-primer-dia","status":"publish","type":"post","link":"https:\/\/blogsaverroes.juntadeandalucia.es\/ceipcamposoto\/entrada-de-alumnos-as-el-primer-dia\/","title":{"rendered":"Entrada de alumnos\/as el primer d\u00eda"},"content":{"rendered":"<p><\/p>\n<div style=\"clear: both;text-align: center\"><a href=\"http:\/\/4.bp.blogspot.com\/-Kqzi9kQi0pA\/VfBAwsQ0iEI\/AAAAAAAACus\/4BGfe2DeYxU\/s1600\/welcome-back-to-school-clipart-2.jpg\" style=\"margin-left: 1em;margin-right: 1em\"><img loading=\"lazy\" decoding=\"async\" border=\"0\" height=\"110\" src=\"http:\/\/4.bp.blogspot.com\/-Kqzi9kQi0pA\/VfBAwsQ0iEI\/AAAAAAAACus\/4BGfe2DeYxU\/s320\/welcome-back-to-school-clipart-2.jpg\" width=\"320\" \/><\/a><\/div>\n<div style=\"text-align: center\"><\/div>\n<p>El alumnado de infantil de 3 a\u00f1os ser\u00e1n los primeros en incorporarse al Centro. Entrar\u00e1n por la puerta de Infantil, y all\u00ed les esperar\u00e1n sus maestras que tendr\u00e1n alg\u00fan refuerzo para el primer d\u00eda.<br \/>El resto de alumnado ya entrar\u00e1 a las 10 de la manera habitual. Los\/as alumnos\/as de 4 y 5 a\u00f1os de Educaci\u00f3n Infantil har\u00e1n fila en la misma zona que el curso pasado. El alumnado de Primaria y aula espec\u00edfica entrar\u00e1 por la puerta habitual y se incorporar\u00e1 a la clase con la ayuda del profesorado. El alumnado de 1\u00ba de Primaria se dirigir\u00e1 a la sala de usos m\u00faltiples para que conozcan a los grupos de cada clase, y el alumnado de 5\u00ba de Primaria ir\u00e1 a la biblioteca donde les esperar\u00e1 sus tutores para distribuir a cada compa\u00f1ero\/a en su clase.<br \/>Bienvenidos al cole, desearles lo mejor a todos\/as, y especialmente al alumnado que se incorpora por primera vez al CEIP Camposoto.<\/p>\n","protected":false},"excerpt":{"rendered":"<p>El alumnado de infantil de 3 a\u00f1os ser\u00e1n los primeros en incorporarse al Centro. Entrar\u00e1n por la puerta de Infantil, y all\u00ed les esperar\u00e1n sus maestras que tendr\u00e1n alg\u00fan refuerzo para el primer d\u00eda.El&#46;&#46;&#46;<\/p>\n","protected":false},"author":15593,"featured_media":0,"comment_status":"closed","ping_status":"open","sticky":false,"template":"","format":"standard","meta":{"ngg_post_thumbnail":0,"footnotes":""},"categories":[1],"tags":[],"aioseo_notices":[],"_links":{"self":[{"href":"https:\/\/blogsaverroes.juntadeandalucia.es\/ceipcamposoto\/wp-json\/wp\/v2\/posts\/1175"}],"collection":[{"href":"https:\/\/blogsaverroes.juntadeandalucia.es\/ceipcamposoto\/wp-json\/wp\/v2\/posts"}],"about":[{"href":"https:\/\/blogsaverroes.juntadeandalucia.es\/ceipcamposoto\/wp-json\/wp\/v2\/types\/post"}],"author":[{"embeddable":true,"href":"https:\/\/blogsaverroes.juntadeandalucia.es\/ceipcamposoto\/wp-json\/wp\/v2\/users\/15593"}],"replies":[{"embeddable":true,"href":"https:\/\/blogsaverroes.juntadeandalucia.es\/ceipcamposoto\/wp-json\/wp\/v2\/comments?post=1175"}],"version-history":[{"count":0,"href":"https:\/\/blogsaverroes.juntadeandalucia.es\/ceipcamposoto\/wp-json\/wp\/v2\/posts\/1175\/revisions"}],"wp:attachment":[{"href":"https:\/\/blogsaverroes.juntadeandalucia.es\/ceipcamposoto\/wp-json\/wp\/v2\/media?parent=1175"}],"wp:term":[{"taxonomy":"category","embeddable":true,"href":"https:\/\/blogsaverroes.juntadeandalucia.es\/ceipcamposoto\/wp-json\/wp\/v2\/categories?post=1175"},{"taxonomy":"post_tag","embeddable":true,"href":"https:\/\/blogsaverroes.juntadeandalucia.es\/ceipcamposoto\/wp-json\/wp\/v2\/tags?post=1175"}],"curies":[{"name":"wp","href":"https:\/\/api.w.org\/{rel}","templated":true}]}}