{"id":1207,"date":"2014-12-04T07:19:00","date_gmt":"2014-12-04T06:19:00","guid":{"rendered":"https:\/\/blogsaverroes.juntadeandalucia.es\/ceipcamposoto\/viernes-5-de-diciembre-dia-no-lectivo\/"},"modified":"2014-12-04T07:19:00","modified_gmt":"2014-12-04T06:19:00","slug":"viernes-5-de-diciembre-dia-no-lectivo","status":"publish","type":"post","link":"https:\/\/blogsaverroes.juntadeandalucia.es\/ceipcamposoto\/viernes-5-de-diciembre-dia-no-lectivo\/","title":{"rendered":"Viernes 5 de diciembre, d\u00eda no lectivo"},"content":{"rendered":"<p><span style=\", Arial, Helvetica, sans-serif;font-size: large\">Recordamos a la comunidad escolar que el pr\u00f3ximo viernes 5 de diciembre es d\u00eda no lectivo en toda la provincia de C\u00e1diz. Os dejamos el enlace al calendario escolar que est\u00e1 disponible desde este mismo blog.<\/span><\/p>\n<p><\/p>\n<div align=\"center\"><a href=\"http:\/\/servicios.lavozdigital.es\/documentos\/descarga.php?fichero=calendario-escolar.pdf\" target=\"_blank\" rel=\"noopener noreferrer\"><span style=\"font-size: x-large\">CALENDARIO ESCOLAR 2014\/2015<\/span><\/a>\ufeff<\/div>\n","protected":false},"excerpt":{"rendered":"<p>Recordamos a la comunidad escolar que el pr\u00f3ximo viernes 5 de diciembre es d\u00eda no lectivo en toda la provincia de C\u00e1diz. Os dejamos el enlace al calendario escolar que est\u00e1 disponible desde este&#46;&#46;&#46;<\/p>\n","protected":false},"author":15593,"featured_media":0,"comment_status":"closed","ping_status":"open","sticky":false,"template":"","format":"standard","meta":{"ngg_post_thumbnail":0,"footnotes":""},"categories":[1],"tags":[],"aioseo_notices":[],"_links":{"self":[{"href":"https:\/\/blogsaverroes.juntadeandalucia.es\/ceipcamposoto\/wp-json\/wp\/v2\/posts\/1207"}],"collection":[{"href":"https:\/\/blogsaverroes.juntadeandalucia.es\/ceipcamposoto\/wp-json\/wp\/v2\/posts"}],"about":[{"href":"https:\/\/blogsaverroes.juntadeandalucia.es\/ceipcamposoto\/wp-json\/wp\/v2\/types\/post"}],"author":[{"embeddable":true,"href":"https:\/\/blogsaverroes.juntadeandalucia.es\/ceipcamposoto\/wp-json\/wp\/v2\/users\/15593"}],"replies":[{"embeddable":true,"href":"https:\/\/blogsaverroes.juntadeandalucia.es\/ceipcamposoto\/wp-json\/wp\/v2\/comments?post=1207"}],"version-history":[{"count":0,"href":"https:\/\/blogsaverroes.juntadeandalucia.es\/ceipcamposoto\/wp-json\/wp\/v2\/posts\/1207\/revisions"}],"wp:attachment":[{"href":"https:\/\/blogsaverroes.juntadeandalucia.es\/ceipcamposoto\/wp-json\/wp\/v2\/media?parent=1207"}],"wp:term":[{"taxonomy":"category","embeddable":true,"href":"https:\/\/blogsaverroes.juntadeandalucia.es\/ceipcamposoto\/wp-json\/wp\/v2\/categories?post=1207"},{"taxonomy":"post_tag","embeddable":true,"href":"https:\/\/blogsaverroes.juntadeandalucia.es\/ceipcamposoto\/wp-json\/wp\/v2\/tags?post=1207"}],"curies":[{"name":"wp","href":"https:\/\/api.w.org\/{rel}","templated":true}]}}