{"id":560,"date":"2022-09-01T15:31:00","date_gmt":"2022-09-01T14:31:00","guid":{"rendered":""},"modified":"2022-09-11T16:28:33","modified_gmt":"2022-09-11T15:28:33","slug":"560-2","status":"publish","type":"post","link":"https:\/\/blogsaverroes.juntadeandalucia.es\/ceipcamposoto\/560-2\/","title":{"rendered":"Bienvenida al curso escolar"},"content":{"rendered":"<div style=\"clear: both;text-align: center\"><a style=\"margin-left: 1em;margin-right: 1em\" href=\"https:\/\/blogger.googleusercontent.com\/img\/b\/R29vZ2xl\/AVvXsEjnJ1-Qqj8ZH_82BPTH-s1GFvoZkO-KmNgKrfzT-5teIbxvVCKTMro11RlwBl67uZIZgfjgZ378EohhL45zumtzb36FMvdvBKLmdoPX5hL2PR8QxvtYOOhaPZfD3xNed3WhEhOuS6vSZe7cS6qjyzqOE4SdvJNO8KU1Z6RLKTRuQ65xGePb03SpVJGP\/s450\/Bienvenida%20escolar.webp\"><img loading=\"lazy\" decoding=\"async\" src=\"https:\/\/blogger.googleusercontent.com\/img\/b\/R29vZ2xl\/AVvXsEjnJ1-Qqj8ZH_82BPTH-s1GFvoZkO-KmNgKrfzT-5teIbxvVCKTMro11RlwBl67uZIZgfjgZ378EohhL45zumtzb36FMvdvBKLmdoPX5hL2PR8QxvtYOOhaPZfD3xNed3WhEhOuS6vSZe7cS6qjyzqOE4SdvJNO8KU1Z6RLKTRuQ65xGePb03SpVJGP\/s320\/Bienvenida%20escolar.webp\" width=\"320\" height=\"320\" border=\"0\" data-original-height=\"450\" data-original-width=\"450\"><\/a><\/div>\n<div style=\"clear: both;text-align: center\">&nbsp;<\/div>\n<div style=\"clear: both;text-align: center\">&nbsp;\u00a1\u00a1\u00a1\u00a1\u00a1Bienvenidos a todos y todas un a\u00f1o m\u00e1s al CEIP Camposoto!!!!!<\/div>\n<div style=\"clear: both;text-align: center\">&nbsp;<\/div>\n<div style=\"clear: both;text-align: center\">El nuevo equipo directivo os da la bienvenida, dese\u00e1ndoos un curso escolar lleno de aprendizaje, ilusiones y momentos para compartir juntos.&nbsp;<\/div>\n<div style=\"clear: both;text-align: center\">&nbsp;<\/div>\n<div style=\"clear: both;text-align: center\">Aprovechamos para presentarnos<\/div>\n<div style=\"clear: both;text-align: center\">&nbsp;<\/div>\n<div style=\"clear: both;text-align: center\">DIRECTOR<\/div>\n<div style=\"clear: both;text-align: center\">Marcos Antonio Garc\u00eda Junio<\/div>\n<div style=\"clear: both;text-align: center\">&nbsp;<\/div>\n<div style=\"clear: both;text-align: center\">JEFA DE ESTUDIOS<\/div>\n<div style=\"clear: both;text-align: center\">Eva Mar\u00eda Rodr\u00edguez Ran\u00edrez<\/div>\n<div style=\"clear: both;text-align: center\">&nbsp;<\/div>\n<div style=\"clear: both;text-align: center\">SECRETARIO<\/div>\n<div style=\"clear: both;text-align: center\">Daniel P\u00e9rez Mart\u00edn<\/div>\n<div style=\"clear: both;text-align: center\">&nbsp;<\/div>\n<div style=\"clear: both;text-align: center\">Feliz curso 2022\/2023<\/div>\n<div style=\"clear: both;text-align: center\">&nbsp;<\/div>\n<p>&nbsp;<\/p>\n","protected":false},"excerpt":{"rendered":"<p>&nbsp; &nbsp;\u00a1\u00a1\u00a1\u00a1\u00a1Bienvenidos a todos y todas un a\u00f1o m\u00e1s al CEIP Camposoto!!!!! &nbsp; El nuevo equipo directivo os da la bienvenida, dese\u00e1ndoos un curso escolar lleno de aprendizaje, ilusiones y momentos para compartir juntos.&nbsp;&#46;&#46;&#46;<\/p>\n","protected":false},"author":15593,"featured_media":0,"comment_status":"closed","ping_status":"open","sticky":false,"template":"","format":"standard","meta":{"ngg_post_thumbnail":0,"footnotes":""},"categories":[1],"tags":[],"aioseo_notices":[],"_links":{"self":[{"href":"https:\/\/blogsaverroes.juntadeandalucia.es\/ceipcamposoto\/wp-json\/wp\/v2\/posts\/560"}],"collection":[{"href":"https:\/\/blogsaverroes.juntadeandalucia.es\/ceipcamposoto\/wp-json\/wp\/v2\/posts"}],"about":[{"href":"https:\/\/blogsaverroes.juntadeandalucia.es\/ceipcamposoto\/wp-json\/wp\/v2\/types\/post"}],"author":[{"embeddable":true,"href":"https:\/\/blogsaverroes.juntadeandalucia.es\/ceipcamposoto\/wp-json\/wp\/v2\/users\/15593"}],"replies":[{"embeddable":true,"href":"https:\/\/blogsaverroes.juntadeandalucia.es\/ceipcamposoto\/wp-json\/wp\/v2\/comments?post=560"}],"version-history":[{"count":2,"href":"https:\/\/blogsaverroes.juntadeandalucia.es\/ceipcamposoto\/wp-json\/wp\/v2\/posts\/560\/revisions"}],"predecessor-version":[{"id":1300,"href":"https:\/\/blogsaverroes.juntadeandalucia.es\/ceipcamposoto\/wp-json\/wp\/v2\/posts\/560\/revisions\/1300"}],"wp:attachment":[{"href":"https:\/\/blogsaverroes.juntadeandalucia.es\/ceipcamposoto\/wp-json\/wp\/v2\/media?parent=560"}],"wp:term":[{"taxonomy":"category","embeddable":true,"href":"https:\/\/blogsaverroes.juntadeandalucia.es\/ceipcamposoto\/wp-json\/wp\/v2\/categories?post=560"},{"taxonomy":"post_tag","embeddable":true,"href":"https:\/\/blogsaverroes.juntadeandalucia.es\/ceipcamposoto\/wp-json\/wp\/v2\/tags?post=560"}],"curies":[{"name":"wp","href":"https:\/\/api.w.org\/{rel}","templated":true}]}}