{"id":601,"date":"2022-02-07T10:27:00","date_gmt":"2022-02-07T09:27:00","guid":{"rendered":"https:\/\/blogsaverroes.juntadeandalucia.es\/ceipcamposoto\/novedades-de-funcionamiento-protocolo-covid\/"},"modified":"2022-02-07T10:27:00","modified_gmt":"2022-02-07T09:27:00","slug":"novedades-de-funcionamiento-protocolo-covid","status":"publish","type":"post","link":"https:\/\/blogsaverroes.juntadeandalucia.es\/ceipcamposoto\/novedades-de-funcionamiento-protocolo-covid\/","title":{"rendered":"novedades de funcionamiento protocolo covid"},"content":{"rendered":"<p style=\"text-align: justify\">&nbsp;<span style=\"font-size: large\"><span style=\"color: #073763;font-family: Arvo\">E<\/span><span style=\"color: #073763;font-family: Arvo\">l comit\u00e9 covid donde est\u00e1 representado personal docente y no docente, as\u00ed como el sector de padres madres se reuni\u00f3 el pasado 3 de febrero y se tomaron algunas medidad para flexibilizar el protocolo de prevenci\u00f3n covid debido a la situaci\u00f3n epidemiol\u00f3gica y a los avances en el conocimiento del funcionamiento del vir\u00fas.<\/span><\/span><\/p>\n<p style=\"text-align: justify\"><span style=\"color: #073763;font-family: Arvo;font-size: large\"><span>&nbsp; &nbsp; Estas medidas son:<\/span><br \/><\/span><\/p>\n<p style=\"text-align: justify\">\n<p style=\"margin-bottom: 0cm;text-align: justify;text-indent: -18pt\"><span style=\"font-family: Arvo;font-size: large\"><!--[if !supportLists]--><span style=\"line-height: 115%\"><span>1.<\/span><span style=\"font-style: normal;font-variant: normal;font-weight: normal;line-height: normal\">&nbsp;&nbsp;&nbsp;&nbsp;<\/span><span style=\"font-style: normal;font-variant: normal;font-weight: normal;line-height: normal\"><span style=\"color: #073763\">&nbsp; <\/span><\/span><\/span><!--[endif]--><span style=\"line-height: 115%\"><span style=\"color: #073763\">\u2013 La cuarentena pasa de 10 a 7 d\u00edas. Como recogen las instrucciones de la Consejer\u00eda de Salud y Familias del 13 de enero.<\/span><\/span><\/span><\/p>\n<p style=\"margin-bottom: 0cm;text-align: justify;text-indent: -18pt\"><span style=\"line-height: 115%\"><span style=\"color: #073763;font-family: Arvo;font-size: large\">&nbsp; &nbsp;Consideraciones:<\/span><\/span><\/p>\n<p style=\"text-align: justify\"><span style=\"font-size: large\"><span style=\"color: #073763;font-family: Arvo;line-height: 115%;text-indent: -18pt\">&nbsp; &#8211;<\/span><span style=\"color: #073763;font-family: Arvo;line-height: 115%;text-indent: -18pt\">Si un alumno\/a est\u00e1 vacunado\/a y es positivo\/a se considera inmunizado con 2 dosis de vacuna.<\/span><\/span><\/p>\n<p style=\"text-align: justify\"><span style=\"font-size: large\"><span style=\"color: #073763;font-family: Arvo;line-height: 115%;text-indent: -18pt\">&nbsp; &#8211;<\/span><span style=\"color: #073763;font-family: Arvo;line-height: 115%;text-indent: -18pt\">Otros familiares positivos no convivientes no cuentan para la cuarentena.<\/span><\/span><\/p>\n<p style=\"text-align: justify\"><span style=\"line-height: 115%\"><span style=\"color: #073763;font-family: Arvo;font-size: large\">&nbsp;<\/span><\/span><\/p>\n<p style=\"text-align: justify;text-indent: -18pt\"><span style=\"font-family: Arvo;font-size: large\"><!--[if !supportLists]--><span style=\"color: #073763\"><span style=\"line-height: 115%\"><span>2 Nuestro protocolo recoge que una vez el\/la alumno\/a accede al Centro no se le podr\u00e1 entregar nada durante el horario escolar. Flexibilizamos esa norma y se admitir\u00e1 recoger y entregar<\/span><\/span><span style=\"line-height: 115%\">&nbsp;el desayuno y agua que se haya olvidado. Solo se admitir\u00e1 en casos de emergencia y de manera extraordinaria. No se permitir\u00e1 que sea una pr\u00e1ctica habitual en algunas familias. Adem\u00e1s de protecci\u00f3n era una medida para evitar interrupciones en el proceso de ense\u00f1anza-aprendizaje del alumnado, as\u00ed que necesitamos la colaboraci\u00f3n de las familias. Esta medida se flexibiliza desde el 8 de febrero.<\/span><\/span><\/span><\/p>\n<p style=\"text-align: justify;text-indent: -18pt\"><span style=\"font-family: Arvo;font-size: large\"><!--[if !supportLists]--><span style=\"color: #073763\"><span style=\"line-height: 115%\"><span>3<\/span><\/span><span style=\"line-height: 115%\">&nbsp;Se aprueba aumentar a 6 personas las que pueden entrar en actividades en el exterior, en el SUM y en el Gimnasio para colaborar en las actividades durante el horario escolar. En actividades en el interior se mantiene en 2.<\/span><\/span><\/span><\/p>\n<p style=\"text-align: justify;text-indent: -18pt\"><span style=\"font-family: Arvo;font-size: large\"><!--[if !supportLists]--><span style=\"color: #073763\"><span style=\"line-height: 115%\"><span>4&nbsp;<\/span><\/span><\/span><span style=\"line-height: 115%\"><span style=\"color: #073763\">Se recuerda que hasta que el nivel de incidencia baje a Alerta 1 \u00f3 0, no se podr\u00e1n realizar salidas complementarias del centro.<\/span><span><\/span><\/span><\/span><\/p>\n<p style=\"text-align: justify;text-indent: -18pt\"><span style=\"color: #073763;font-family: Arvo;font-size: large\">&nbsp; &nbsp;Esperamos la colaboraci\u00f3n de tod@s. Gracias.<\/span><\/p>\n<p style=\"text-align: center;text-indent: -18pt\">\n<div style=\"clear: both;text-align: center\"><a href=\"https:\/\/blogger.googleusercontent.com\/img\/a\/AVvXsEgmm2Q2FvFSWpuqXi4vKSDrF5xbUTxRY4eoSEiap0ATUNk6JdIv_S_fqCqZ9F8rV-ncUKRNe5qpmJj7xq53St448lI2uK0QF85DbORPXTptcshU2kH-dbBe-T2ht7DdLf69d-7Xcl-pQM-XD-xFcjJVzjsExTh7mEaY4J-DuDgjKs2Ys_EiC6JZYeDQ=s1280\" style=\"margin-left: 1em;margin-right: 1em\"><img loading=\"lazy\" decoding=\"async\" border=\"0\" data-original-height=\"720\" data-original-width=\"1280\" height=\"180\" src=\"https:\/\/blogger.googleusercontent.com\/img\/a\/AVvXsEgmm2Q2FvFSWpuqXi4vKSDrF5xbUTxRY4eoSEiap0ATUNk6JdIv_S_fqCqZ9F8rV-ncUKRNe5qpmJj7xq53St448lI2uK0QF85DbORPXTptcshU2kH-dbBe-T2ht7DdLf69d-7Xcl-pQM-XD-xFcjJVzjsExTh7mEaY4J-DuDgjKs2Ys_EiC6JZYeDQ=s320\" width=\"320\" \/><\/a><\/div>\n<p><span style=\"color: #073763;font-family: Arvo;font-size: large\"><br \/><\/span><\/p>\n<p style=\"text-align: justify;text-indent: -18pt\"><span style=\"line-height: 115%\"><span style=\"color: #073763;font-family: Arvo;font-size: large\"><br \/><\/span><\/span><\/p>\n<p><span style=\"color: #073763;font-family: Arvo;font-size: large\"><span><\/span><\/span><\/p>\n","protected":false},"excerpt":{"rendered":"<p>&nbsp;El comit\u00e9 covid donde est\u00e1 representado personal docente y no docente, as\u00ed como el sector de padres madres se reuni\u00f3 el pasado 3 de febrero y se tomaron algunas medidad para flexibilizar el protocolo&#46;&#46;&#46;<\/p>\n","protected":false},"author":15593,"featured_media":0,"comment_status":"closed","ping_status":"open","sticky":false,"template":"","format":"standard","meta":{"ngg_post_thumbnail":0,"footnotes":""},"categories":[22,37],"tags":[],"aioseo_notices":[],"_links":{"self":[{"href":"https:\/\/blogsaverroes.juntadeandalucia.es\/ceipcamposoto\/wp-json\/wp\/v2\/posts\/601"}],"collection":[{"href":"https:\/\/blogsaverroes.juntadeandalucia.es\/ceipcamposoto\/wp-json\/wp\/v2\/posts"}],"about":[{"href":"https:\/\/blogsaverroes.juntadeandalucia.es\/ceipcamposoto\/wp-json\/wp\/v2\/types\/post"}],"author":[{"embeddable":true,"href":"https:\/\/blogsaverroes.juntadeandalucia.es\/ceipcamposoto\/wp-json\/wp\/v2\/users\/15593"}],"replies":[{"embeddable":true,"href":"https:\/\/blogsaverroes.juntadeandalucia.es\/ceipcamposoto\/wp-json\/wp\/v2\/comments?post=601"}],"version-history":[{"count":0,"href":"https:\/\/blogsaverroes.juntadeandalucia.es\/ceipcamposoto\/wp-json\/wp\/v2\/posts\/601\/revisions"}],"wp:attachment":[{"href":"https:\/\/blogsaverroes.juntadeandalucia.es\/ceipcamposoto\/wp-json\/wp\/v2\/media?parent=601"}],"wp:term":[{"taxonomy":"category","embeddable":true,"href":"https:\/\/blogsaverroes.juntadeandalucia.es\/ceipcamposoto\/wp-json\/wp\/v2\/categories?post=601"},{"taxonomy":"post_tag","embeddable":true,"href":"https:\/\/blogsaverroes.juntadeandalucia.es\/ceipcamposoto\/wp-json\/wp\/v2\/tags?post=601"}],"curies":[{"name":"wp","href":"https:\/\/api.w.org\/{rel}","templated":true}]}}