{"id":753,"date":"2020-09-15T10:30:00","date_gmt":"2020-09-15T09:30:00","guid":{"rendered":"https:\/\/blogsaverroes.juntadeandalucia.es\/ceipcamposoto\/comienzo-aula-matinal-y-comedor\/"},"modified":"2020-09-15T10:30:00","modified_gmt":"2020-09-15T09:30:00","slug":"comienzo-aula-matinal-y-comedor","status":"publish","type":"post","link":"https:\/\/blogsaverroes.juntadeandalucia.es\/ceipcamposoto\/comienzo-aula-matinal-y-comedor\/","title":{"rendered":"Comienzo Aula Matinal y Comedor"},"content":{"rendered":"<p style=\"text-align: justify\"><span style=\"font-size: large\">Ma\u00f1ana 16 de septiembre se ponen en marcha los servicios de aula matial y comedor.<\/span><\/p>\n<p style=\"text-align: justify\"><span style=\"font-size: large\">El aula matinal estr\u00e1 abierta desde las 7:30h y deber\u00e1n acompa\u00f1ar a su hija o hija hasta la Sala de Usos M\u00faltiples donde estar\u00e1 ubicado el servicio. El alimnado podr\u00e1 entrar a hacer uso del aula matinal hasta las 8:50h.<\/span><\/p>\n<p style=\"text-align: justify\"><span style=\"font-size: large\">El servicio de comedor dar\u00e1 comienzo una vez terminen las clases. Se mantendr\u00e1n los grupos de convivencia a la hora de comer, sus traslados y los momentos posteriores. La empresa de comedor comunica que debido a la nueva organizaci\u00f3n motivada por las medidas preventivas de Covid-19 s\u00f3lo se establece una hora de salida desde las 15:45h. Las salidas se har\u00e1n por las puertas de infantil y la principal del centr.<\/span><\/p>\n<p style=\"text-align: justify\"><span style=\"font-size: large\">Esperamos la colaboraci\u00f3n de todas y todos.<\/span><\/p>\n<p style=\"text-align: center\">\n<div style=\"clear: both;text-align: center\"><a href=\"https:\/\/1.bp.blogspot.com\/-uy4ipdzdHmc\/VCQ4dfT2mfI\/AAAAAAAABpU\/qb_2QP0wVKkFAb-Ha8nPW1yTkhVqk8gdQCPcBGAYYCw\/s360\/imagesCAZ1H07P.jpg\" style=\"margin-left: 1em;margin-right: 1em\"><img decoding=\"async\" border=\"0\" data-original-height=\"120\" data-original-width=\"360\" src=\"https:\/\/1.bp.blogspot.com\/-uy4ipdzdHmc\/VCQ4dfT2mfI\/AAAAAAAABpU\/qb_2QP0wVKkFAb-Ha8nPW1yTkhVqk8gdQCPcBGAYYCw\/s320\/imagesCAZ1H07P.jpg\" width=\"320\" \/><\/a><\/div>\n<p><span style=\"font-size: large\"><br \/><\/span><\/p>\n","protected":false},"excerpt":{"rendered":"<p>Ma\u00f1ana 16 de septiembre se ponen en marcha los servicios de aula matial y comedor. El aula matinal estr\u00e1 abierta desde las 7:30h y deber\u00e1n acompa\u00f1ar a su hija o hija hasta la Sala&#46;&#46;&#46;<\/p>\n","protected":false},"author":15593,"featured_media":0,"comment_status":"closed","ping_status":"open","sticky":false,"template":"","format":"standard","meta":{"ngg_post_thumbnail":0,"footnotes":""},"categories":[14,17,18],"tags":[],"aioseo_notices":[],"_links":{"self":[{"href":"https:\/\/blogsaverroes.juntadeandalucia.es\/ceipcamposoto\/wp-json\/wp\/v2\/posts\/753"}],"collection":[{"href":"https:\/\/blogsaverroes.juntadeandalucia.es\/ceipcamposoto\/wp-json\/wp\/v2\/posts"}],"about":[{"href":"https:\/\/blogsaverroes.juntadeandalucia.es\/ceipcamposoto\/wp-json\/wp\/v2\/types\/post"}],"author":[{"embeddable":true,"href":"https:\/\/blogsaverroes.juntadeandalucia.es\/ceipcamposoto\/wp-json\/wp\/v2\/users\/15593"}],"replies":[{"embeddable":true,"href":"https:\/\/blogsaverroes.juntadeandalucia.es\/ceipcamposoto\/wp-json\/wp\/v2\/comments?post=753"}],"version-history":[{"count":0,"href":"https:\/\/blogsaverroes.juntadeandalucia.es\/ceipcamposoto\/wp-json\/wp\/v2\/posts\/753\/revisions"}],"wp:attachment":[{"href":"https:\/\/blogsaverroes.juntadeandalucia.es\/ceipcamposoto\/wp-json\/wp\/v2\/media?parent=753"}],"wp:term":[{"taxonomy":"category","embeddable":true,"href":"https:\/\/blogsaverroes.juntadeandalucia.es\/ceipcamposoto\/wp-json\/wp\/v2\/categories?post=753"},{"taxonomy":"post_tag","embeddable":true,"href":"https:\/\/blogsaverroes.juntadeandalucia.es\/ceipcamposoto\/wp-json\/wp\/v2\/tags?post=753"}],"curies":[{"name":"wp","href":"https:\/\/api.w.org\/{rel}","templated":true}]}}