{"id":847,"date":"2020-02-23T18:34:00","date_gmt":"2020-02-23T17:34:00","guid":{"rendered":"https:\/\/blogsaverroes.juntadeandalucia.es\/ceipcamposoto\/pasacalles-carnaval-20\/"},"modified":"2020-02-23T18:34:00","modified_gmt":"2020-02-23T17:34:00","slug":"pasacalles-carnaval-20","status":"publish","type":"post","link":"https:\/\/blogsaverroes.juntadeandalucia.es\/ceipcamposoto\/pasacalles-carnaval-20\/","title":{"rendered":"pasacalles carnaval 20"},"content":{"rendered":"<div style=\"clear: both;text-align: center\"><iframe loading=\"lazy\" width=\"320\" height=\"266\" src=\"https:\/\/www.youtube.com\/embed\/He5rC8KeE9k?feature=player_embedded\" frameborder=\"0\"><\/iframe><\/div>\n<div style=\"text-align: center\"><\/div>\n<div style=\"clear: both;text-align: center\"><a href=\"https:\/\/1.bp.blogspot.com\/-zJn6B5Ihl0E\/XlK3OrbqXzI\/AAAAAAAAHkg\/r9HfSToVa7EtgJCzHDHEBUJsJNILbeLPwCLcBGAsYHQ\/s1600\/preg%25C3%25B3n.jpg\" style=\"margin-left: 1em;margin-right: 1em\"><img loading=\"lazy\" decoding=\"async\" border=\"0\" data-original-height=\"1600\" data-original-width=\"586\" height=\"640\" src=\"https:\/\/1.bp.blogspot.com\/-zJn6B5Ihl0E\/XlK3OrbqXzI\/AAAAAAAAHkg\/r9HfSToVa7EtgJCzHDHEBUJsJNILbeLPwCLcBGAsYHQ\/s640\/preg%25C3%25B3n.jpg\" width=\"234\" \/><\/a><\/div>\n<div style=\"clear: both;text-align: center\"><\/div>\n<div style=\"clear: both;text-align: center\">PASACALLES DE CARNAVAL: salida (10:15), C\/ M\u00e9jico, C\/ Gonz\u00e1lez de la Torre, concentraci\u00f3n y preg\u00f3n por Luc\u00eda Fern\u00e1ndez en el Parque de las Huertas, Salida del parque y paseo por calle Nueva. Infantil y el aula espec\u00edfica visit\u00f3 el Centro de Alzheimer Dolores Casta\u00f1eda, y Primaria volvi\u00f3 al Centro.<\/div>\n<div style=\"text-align: center\"><\/div>\n","protected":false},"excerpt":{"rendered":"<p>PASACALLES DE CARNAVAL: salida (10:15), C\/ M\u00e9jico, C\/ Gonz\u00e1lez de la Torre, concentraci\u00f3n y preg\u00f3n por Luc\u00eda Fern\u00e1ndez en el Parque de las Huertas, Salida del parque y paseo por calle Nueva. Infantil y&#46;&#46;&#46;<\/p>\n","protected":false},"author":15593,"featured_media":0,"comment_status":"closed","ping_status":"open","sticky":false,"template":"","format":"standard","meta":{"ngg_post_thumbnail":0,"footnotes":""},"categories":[45,44,117,31],"tags":[],"aioseo_notices":[],"_links":{"self":[{"href":"https:\/\/blogsaverroes.juntadeandalucia.es\/ceipcamposoto\/wp-json\/wp\/v2\/posts\/847"}],"collection":[{"href":"https:\/\/blogsaverroes.juntadeandalucia.es\/ceipcamposoto\/wp-json\/wp\/v2\/posts"}],"about":[{"href":"https:\/\/blogsaverroes.juntadeandalucia.es\/ceipcamposoto\/wp-json\/wp\/v2\/types\/post"}],"author":[{"embeddable":true,"href":"https:\/\/blogsaverroes.juntadeandalucia.es\/ceipcamposoto\/wp-json\/wp\/v2\/users\/15593"}],"replies":[{"embeddable":true,"href":"https:\/\/blogsaverroes.juntadeandalucia.es\/ceipcamposoto\/wp-json\/wp\/v2\/comments?post=847"}],"version-history":[{"count":0,"href":"https:\/\/blogsaverroes.juntadeandalucia.es\/ceipcamposoto\/wp-json\/wp\/v2\/posts\/847\/revisions"}],"wp:attachment":[{"href":"https:\/\/blogsaverroes.juntadeandalucia.es\/ceipcamposoto\/wp-json\/wp\/v2\/media?parent=847"}],"wp:term":[{"taxonomy":"category","embeddable":true,"href":"https:\/\/blogsaverroes.juntadeandalucia.es\/ceipcamposoto\/wp-json\/wp\/v2\/categories?post=847"},{"taxonomy":"post_tag","embeddable":true,"href":"https:\/\/blogsaverroes.juntadeandalucia.es\/ceipcamposoto\/wp-json\/wp\/v2\/tags?post=847"}],"curies":[{"name":"wp","href":"https:\/\/api.w.org\/{rel}","templated":true}]}}