{"id":896,"date":"2019-09-03T12:24:00","date_gmt":"2019-09-03T11:24:00","guid":{"rendered":"https:\/\/blogsaverroes.juntadeandalucia.es\/ceipcamposoto\/entrega-de-materiales-y-libros-en-educacion-primaria\/"},"modified":"2019-09-03T12:24:00","modified_gmt":"2019-09-03T11:24:00","slug":"entrega-de-materiales-y-libros-en-educacion-primaria","status":"publish","type":"post","link":"https:\/\/blogsaverroes.juntadeandalucia.es\/ceipcamposoto\/entrega-de-materiales-y-libros-en-educacion-primaria\/","title":{"rendered":"Entrega de materiales y libros en Educaci\u00f3n Primaria"},"content":{"rendered":"<div style=\"text-align: center\"><span style=\", sans-serif;font-size: large\">PRIMER CICLO DE PRIMARIA (1\u00ba Y 2\u00ba)<\/span><\/div>\n<div style=\"text-align: center\"><span style=\", sans-serif;font-size: large\"><br \/><\/span><\/div>\n<div style=\"text-align: justify\"><span style=\", sans-serif;font-size: large\">El material se entregar\u00e1 en los siguientes d\u00edas y horarios:<\/span><\/div>\n<div style=\"text-align: justify\"><\/div>\n<ul>\n<li><span style=\", sans-serif;font-size: large\">Jueves 5 de septiembre de 10:30 a 12:00 h.<\/span><\/li>\n<li><span style=\", sans-serif;font-size: large\">Viernes 6 de septiembre de 9:30 a 11;00 h.<\/span><\/li>\n<\/ul>\n<p><span style=\", sans-serif;font-size: large\">Todo el material deber\u00e1 venir marcado con el nombre y los libros forrados.<\/span><\/p>\n<div style=\"text-align: justify\"><span style=\", sans-serif;font-size: large\">Los libros y cuadernos deber\u00e1n tener el nombre en la portada.<\/span><\/div>\n<div style=\"text-align: justify\"><span style=\", sans-serif;font-size: large\"><br \/><\/span><\/div>\n<div style=\"text-align: justify\"><span style=\", sans-serif;font-size: large\"><br \/><\/span><\/div>\n<div style=\"text-align: center\"><span style=\", sans-serif;font-size: large\">SEGUNDO CICLO DE PRIMARIA (3\u00ba Y 4\u00ba)<\/span><\/div>\n<div style=\"text-align: center\"><span style=\", sans-serif;font-size: large\"><br \/><\/span><\/div>\n<div style=\"text-align: justify\"><span style=\", sans-serif;font-size: large\">D\u00eda 10 septiembre: traer\u00e1n folios, carpetas de anillas, fundas y estche con todo.<\/span><\/div>\n<div style=\"text-align: justify\"><span style=\", sans-serif;font-size: large\">D\u00eda 11 septiembre: Resto de materiales con nombre puesto, excepto libros y carpetas grandes.<\/span><\/div>\n<div style=\"text-align: justify\"><span style=\", sans-serif;font-size: large\">A partir del jueves 12 de septiembre los libros y cuadernos seg\u00fan el horario establecido.<\/span><\/div>\n<div style=\"text-align: justify\"><span style=\", sans-serif;font-size: large\"><br \/><\/span><\/div>\n<div style=\"text-align: center\"><span style=\", sans-serif;font-size: large\">TERCER CICLO DE PRIMARIA (5\u00ba Y 6\u00ba)<\/span><\/div>\n<div style=\"text-align: center\"><span style=\", sans-serif;font-size: large\"><br \/><\/span><\/div>\n<div style=\"text-align: justify\"><span style=\", sans-serif;font-size: large\">D\u00eda 10 de septiembre: estuche con material b\u00e1sico (incluyendo colores) y el paquete de 500 folios.<\/span><\/div>\n<div style=\"text-align: justify\"><span style=\", sans-serif;font-size: large\">D\u00eda 11 de septiembre: cuaderno de lengua con su libro, matem\u00e1ticos (libro y cuaderno). Estuche con material b\u00e1sico.<\/span><\/div>\n<div style=\"text-align: justify\"><span style=\", sans-serif;font-size: large\">A partir del jueves 12 de septiembre los libros y cuadernos seg\u00fan el horario establecido.<\/span><\/div>\n<div style=\"text-align: justify\"><\/div>\n<div style=\"clear: both;text-align: center\"><a href=\"https:\/\/1.bp.blogspot.com\/--nqRcFYSgOU\/XW5NQwCqNwI\/AAAAAAAAHK0\/d-8BY2R6pyQ62yIWeS4wCiloG9Rxf6ffACLcBGAs\/s1600\/back%2Bto%2Bschool.png\" style=\"margin-left: 1em;margin-right: 1em\"><img loading=\"lazy\" decoding=\"async\" border=\"0\" data-original-height=\"1077\" data-original-width=\"998\" height=\"400\" src=\"https:\/\/1.bp.blogspot.com\/--nqRcFYSgOU\/XW5NQwCqNwI\/AAAAAAAAHK0\/d-8BY2R6pyQ62yIWeS4wCiloG9Rxf6ffACLcBGAs\/s400\/back%2Bto%2Bschool.png\" width=\"370\" \/><\/a><\/div>\n<div style=\"text-align: center\"><\/div>\n<div style=\"text-align: center\"><\/div>\n<div style=\"text-align: center\"><\/div>\n<div style=\"text-align: justify\"><\/div>\n","protected":false},"excerpt":{"rendered":"<p>PRIMER CICLO DE PRIMARIA (1\u00ba Y 2\u00ba) El material se entregar\u00e1 en los siguientes d\u00edas y horarios: Jueves 5 de septiembre de 10:30 a 12:00 h. Viernes 6 de septiembre de 9:30 a 11;00&#46;&#46;&#46;<\/p>\n","protected":false},"author":15593,"featured_media":0,"comment_status":"closed","ping_status":"open","sticky":false,"template":"","format":"standard","meta":{"ngg_post_thumbnail":0,"footnotes":""},"categories":[9,5],"tags":[],"aioseo_notices":[],"_links":{"self":[{"href":"https:\/\/blogsaverroes.juntadeandalucia.es\/ceipcamposoto\/wp-json\/wp\/v2\/posts\/896"}],"collection":[{"href":"https:\/\/blogsaverroes.juntadeandalucia.es\/ceipcamposoto\/wp-json\/wp\/v2\/posts"}],"about":[{"href":"https:\/\/blogsaverroes.juntadeandalucia.es\/ceipcamposoto\/wp-json\/wp\/v2\/types\/post"}],"author":[{"embeddable":true,"href":"https:\/\/blogsaverroes.juntadeandalucia.es\/ceipcamposoto\/wp-json\/wp\/v2\/users\/15593"}],"replies":[{"embeddable":true,"href":"https:\/\/blogsaverroes.juntadeandalucia.es\/ceipcamposoto\/wp-json\/wp\/v2\/comments?post=896"}],"version-history":[{"count":0,"href":"https:\/\/blogsaverroes.juntadeandalucia.es\/ceipcamposoto\/wp-json\/wp\/v2\/posts\/896\/revisions"}],"wp:attachment":[{"href":"https:\/\/blogsaverroes.juntadeandalucia.es\/ceipcamposoto\/wp-json\/wp\/v2\/media?parent=896"}],"wp:term":[{"taxonomy":"category","embeddable":true,"href":"https:\/\/blogsaverroes.juntadeandalucia.es\/ceipcamposoto\/wp-json\/wp\/v2\/categories?post=896"},{"taxonomy":"post_tag","embeddable":true,"href":"https:\/\/blogsaverroes.juntadeandalucia.es\/ceipcamposoto\/wp-json\/wp\/v2\/tags?post=896"}],"curies":[{"name":"wp","href":"https:\/\/api.w.org\/{rel}","templated":true}]}}