{"id":935,"date":"2018-11-20T07:58:00","date_gmt":"2018-11-20T06:58:00","guid":{"rendered":"https:\/\/blogsaverroes.juntadeandalucia.es\/ceipcamposoto\/informacion-comedor\/"},"modified":"2018-11-20T07:58:00","modified_gmt":"2018-11-20T06:58:00","slug":"informacion-comedor","status":"publish","type":"post","link":"https:\/\/blogsaverroes.juntadeandalucia.es\/ceipcamposoto\/informacion-comedor\/","title":{"rendered":"Informaci\u00f3n comedor"},"content":{"rendered":"<div style=\"background-color: white;font-family: Verdana, Arial, Helvetica, sans-serif;font-size: 12px\">Debido a una incidencia&nbsp;con&nbsp;la salchicha&nbsp;de consumo del lunes 19\/11, nos hemos visto obligados a&nbsp;anticipar el consumo por lo que el viernes 16\/11 &nbsp;se consumir\u00e1 la salchicha y las medias lunas de huevo correspondientes a este dia se consumir\u00e1n el lunes 19\/11.<\/div>\n<div style=\"background-color: white;font-family: Verdana, Arial, Helvetica, sans-serif;font-size: 12px\"><\/div>\n<div style=\"background-color: white;font-family: Verdana, Arial, Helvetica, sans-serif;font-size: 12px\">Como consecuencia de este cambio hemos tenido que mover los segundo platos de los d\u00edas 20 y 21 e intercambiarlos para que no quedaran dos consumos seguidos de huevo, de manera que los men\u00fas de martes y mi\u00e9rcoles quedar\u00edan de la siguiente manera en todos los centros servidos desde la cocina:<\/div>\n<div style=\"background-color: white;font-family: Verdana, Arial, Helvetica, sans-serif;font-size: 12px\"><\/div>\n<div style=\"background-color: white;font-family: Verdana, Arial, Helvetica, sans-serif;font-size: 12px;text-indent: -18pt\">&#8211;&nbsp;&nbsp;&nbsp;&nbsp;&nbsp;&nbsp;&nbsp;&nbsp;Martes d\u00eda 20: Se consumir\u00e1 chicharos +&nbsp;abadejo al horno + ensalada +&nbsp;fruta.<\/div>\n<div style=\"background-color: white;font-family: Verdana, Arial, Helvetica, sans-serif;font-size: 12px;text-indent: -18pt\">&#8211;&nbsp;&nbsp;&nbsp;&nbsp;&nbsp;&nbsp;&nbsp;&nbsp;Mi\u00e9rcoles d\u00eda 21: Se consumir\u00e1&nbsp;macarrones con salteado de calabac\u00edn + tortilla francesa + ensalada +&nbsp; &nbsp; &nbsp; &nbsp; fruta.<\/div>\n","protected":false},"excerpt":{"rendered":"<p>Debido a una incidencia&nbsp;con&nbsp;la salchicha&nbsp;de consumo del lunes 19\/11, nos hemos visto obligados a&nbsp;anticipar el consumo por lo que el viernes 16\/11 &nbsp;se consumir\u00e1 la salchicha y las medias lunas de huevo correspondientes a&#46;&#46;&#46;<\/p>\n","protected":false},"author":15593,"featured_media":0,"comment_status":"closed","ping_status":"open","sticky":false,"template":"","format":"standard","meta":{"ngg_post_thumbnail":0,"footnotes":""},"categories":[17,133],"tags":[],"aioseo_notices":[],"_links":{"self":[{"href":"https:\/\/blogsaverroes.juntadeandalucia.es\/ceipcamposoto\/wp-json\/wp\/v2\/posts\/935"}],"collection":[{"href":"https:\/\/blogsaverroes.juntadeandalucia.es\/ceipcamposoto\/wp-json\/wp\/v2\/posts"}],"about":[{"href":"https:\/\/blogsaverroes.juntadeandalucia.es\/ceipcamposoto\/wp-json\/wp\/v2\/types\/post"}],"author":[{"embeddable":true,"href":"https:\/\/blogsaverroes.juntadeandalucia.es\/ceipcamposoto\/wp-json\/wp\/v2\/users\/15593"}],"replies":[{"embeddable":true,"href":"https:\/\/blogsaverroes.juntadeandalucia.es\/ceipcamposoto\/wp-json\/wp\/v2\/comments?post=935"}],"version-history":[{"count":0,"href":"https:\/\/blogsaverroes.juntadeandalucia.es\/ceipcamposoto\/wp-json\/wp\/v2\/posts\/935\/revisions"}],"wp:attachment":[{"href":"https:\/\/blogsaverroes.juntadeandalucia.es\/ceipcamposoto\/wp-json\/wp\/v2\/media?parent=935"}],"wp:term":[{"taxonomy":"category","embeddable":true,"href":"https:\/\/blogsaverroes.juntadeandalucia.es\/ceipcamposoto\/wp-json\/wp\/v2\/categories?post=935"},{"taxonomy":"post_tag","embeddable":true,"href":"https:\/\/blogsaverroes.juntadeandalucia.es\/ceipcamposoto\/wp-json\/wp\/v2\/tags?post=935"}],"curies":[{"name":"wp","href":"https:\/\/api.w.org\/{rel}","templated":true}]}}