{"id":2254,"date":"2020-03-16T16:57:00","date_gmt":"2020-03-16T16:57:00","guid":{"rendered":"https:\/\/blogsaverroes.juntadeandalucia.es\/ceipcarlostercero\/escolarizacion-curso-2020-2021\/"},"modified":"2020-03-16T16:57:00","modified_gmt":"2020-03-16T16:57:00","slug":"escolarizacion-curso-2020-2021","status":"publish","type":"post","link":"https:\/\/blogsaverroes.juntadeandalucia.es\/ceipcarlostercero\/2020\/03\/16\/escolarizacion-curso-2020-2021\/","title":{"rendered":"Escolarizaci\u00f3n Curso 2020-2021"},"content":{"rendered":"<p><span style=\", sans-serif;font-size: large\">Toda la informaci\u00f3n referente al proceso de escolarizaci\u00f3n que ha empezado en este mes de Marzo la pod\u00e9is encontrar en el siguiente enlace:<\/span><\/p>\n<p><a href=\"http:\/\/www.juntadeandalucia.es\/educacion\/portals\/web\/escolarizacion\">http:\/\/www.juntadeandalucia.es\/educacion\/portals\/web\/escolarizacion<\/a><\/p>\n<p><span style=\", sans-serif;font-size: large\">En esta p\u00e1gina encontrar\u00e9is un acceso directo para presentar la solicitud de admisi\u00f3n de forma telem\u00e1tica. Se puede rellenar utilizando alguno de estos medios:<\/span><br \/><span style=\", sans-serif;font-size: large\"><br \/><\/span><span style=\", sans-serif;font-size: large\">-Con certificado digital<\/span><br \/><span style=\", sans-serif;font-size: large\">-Con DNI<\/span><br \/><span style=\", sans-serif;font-size: large\">-Con autenticaci\u00f3n Clave<\/span><br \/><span style=\", sans-serif;font-size: large\"><br \/><\/span><span style=\", sans-serif;font-size: large\">Os recordamos que esta solicitud s\u00f3lo la tienen que rellenar:<\/span><br \/><span style=\", sans-serif;font-size: large\">&#8211; L@s ni\u00f1@s que empiecen Infantil de 3 a\u00f1os en el curso 2020-2021<\/span><br \/><span style=\", sans-serif;font-size: large\">-L@s ni\u00f1@s que quieran cambiar de centro escolar<\/span><br \/><span style=\", sans-serif;font-size: large\">-L@s alumn@s de 6\u00ba que van a pasar al instituto.<\/span><br \/><span style=\", sans-serif;font-size: large\"><br \/><\/span> <span style=\", sans-serif;font-size: large\">Os mantendremos informad@s de todas las novedades al respecto.<\/span><\/p>\n","protected":false},"excerpt":{"rendered":"<p>Toda la informaci\u00f3n referente al proceso de escolarizaci\u00f3n que ha empezado en este mes de Marzo la pod\u00e9is encontrar en el siguiente enlace: http:\/\/www.juntadeandalucia.es\/educacion\/portals\/web\/escolarizacion En esta p\u00e1gina encontrar\u00e9is un acceso directo para presentar la solicitud de admisi\u00f3n de forma telem\u00e1tica. Se puede rellenar utilizando alguno de estos medios:-Con certificado digital-Con DNI-Con autenticaci\u00f3n ClaveOs recordamos que [&hellip;]<\/p>\n","protected":false},"author":10940,"featured_media":0,"comment_status":"open","ping_status":"open","sticky":false,"template":"","format":"standard","meta":{"ngg_post_thumbnail":0,"footnotes":""},"categories":[2351650],"tags":[],"aioseo_notices":[],"_links":{"self":[{"href":"https:\/\/blogsaverroes.juntadeandalucia.es\/ceipcarlostercero\/wp-json\/wp\/v2\/posts\/2254"}],"collection":[{"href":"https:\/\/blogsaverroes.juntadeandalucia.es\/ceipcarlostercero\/wp-json\/wp\/v2\/posts"}],"about":[{"href":"https:\/\/blogsaverroes.juntadeandalucia.es\/ceipcarlostercero\/wp-json\/wp\/v2\/types\/post"}],"author":[{"embeddable":true,"href":"https:\/\/blogsaverroes.juntadeandalucia.es\/ceipcarlostercero\/wp-json\/wp\/v2\/users\/10940"}],"replies":[{"embeddable":true,"href":"https:\/\/blogsaverroes.juntadeandalucia.es\/ceipcarlostercero\/wp-json\/wp\/v2\/comments?post=2254"}],"version-history":[{"count":0,"href":"https:\/\/blogsaverroes.juntadeandalucia.es\/ceipcarlostercero\/wp-json\/wp\/v2\/posts\/2254\/revisions"}],"wp:attachment":[{"href":"https:\/\/blogsaverroes.juntadeandalucia.es\/ceipcarlostercero\/wp-json\/wp\/v2\/media?parent=2254"}],"wp:term":[{"taxonomy":"category","embeddable":true,"href":"https:\/\/blogsaverroes.juntadeandalucia.es\/ceipcarlostercero\/wp-json\/wp\/v2\/categories?post=2254"},{"taxonomy":"post_tag","embeddable":true,"href":"https:\/\/blogsaverroes.juntadeandalucia.es\/ceipcarlostercero\/wp-json\/wp\/v2\/tags?post=2254"}],"curies":[{"name":"wp","href":"https:\/\/api.w.org\/{rel}","templated":true}]}}