{"id":2261,"date":"2020-03-04T11:27:00","date_gmt":"2020-03-04T11:27:00","guid":{"rendered":"https:\/\/blogsaverroes.juntadeandalucia.es\/ceipcarlostercero\/dia-de-andalucia\/"},"modified":"2020-03-04T11:27:00","modified_gmt":"2020-03-04T11:27:00","slug":"dia-de-andalucia","status":"publish","type":"post","link":"https:\/\/blogsaverroes.juntadeandalucia.es\/ceipcarlostercero\/2020\/03\/04\/dia-de-andalucia\/","title":{"rendered":"D\u00cdA DE ANDALUC\u00cdA"},"content":{"rendered":"<p>El pasado jueves 27 de febrero celebramos el d\u00eda de Andaluc\u00eda.<\/p>\n<p>En cada aula se trabaj\u00f3 de una manera diferente: estudiando las vidas de personajes importantes de Andaluc\u00eda, analizando la bandera y el himno, conociendo la historia de las nuevas poblaciones de Carlos III, etc&#8230;<\/p>\n<p>Gracias a nuestra AMPA pudimos degustar un delicioso desayuno molinero muy andaluz y, posteriormente, en el patio, escuchamos y cantamos nuestro himno y bailamos canciones andaluzas tod@s junt@s.<\/p>\n<p><\/p>\n<div style=\"clear: both;text-align: center\"><object id=\"BLOG_video-82eb525a4dfe7a60\" width=\"320\" height=\"266\"><\/object><\/div>\n","protected":false},"excerpt":{"rendered":"<p>El pasado jueves 27 de febrero celebramos el d\u00eda de Andaluc\u00eda. En cada aula se trabaj\u00f3 de una manera diferente: estudiando las vidas de personajes importantes de Andaluc\u00eda, analizando la bandera y el himno, conociendo la historia de las nuevas poblaciones de Carlos III, etc&#8230; Gracias a nuestra AMPA pudimos degustar un delicioso desayuno molinero [&hellip;]<\/p>\n","protected":false},"author":10940,"featured_media":0,"comment_status":"open","ping_status":"open","sticky":false,"template":"","format":"standard","meta":{"ngg_post_thumbnail":0,"footnotes":""},"categories":[2351651,2351652,2351653,2351654],"tags":[],"aioseo_notices":[],"_links":{"self":[{"href":"https:\/\/blogsaverroes.juntadeandalucia.es\/ceipcarlostercero\/wp-json\/wp\/v2\/posts\/2261"}],"collection":[{"href":"https:\/\/blogsaverroes.juntadeandalucia.es\/ceipcarlostercero\/wp-json\/wp\/v2\/posts"}],"about":[{"href":"https:\/\/blogsaverroes.juntadeandalucia.es\/ceipcarlostercero\/wp-json\/wp\/v2\/types\/post"}],"author":[{"embeddable":true,"href":"https:\/\/blogsaverroes.juntadeandalucia.es\/ceipcarlostercero\/wp-json\/wp\/v2\/users\/10940"}],"replies":[{"embeddable":true,"href":"https:\/\/blogsaverroes.juntadeandalucia.es\/ceipcarlostercero\/wp-json\/wp\/v2\/comments?post=2261"}],"version-history":[{"count":0,"href":"https:\/\/blogsaverroes.juntadeandalucia.es\/ceipcarlostercero\/wp-json\/wp\/v2\/posts\/2261\/revisions"}],"wp:attachment":[{"href":"https:\/\/blogsaverroes.juntadeandalucia.es\/ceipcarlostercero\/wp-json\/wp\/v2\/media?parent=2261"}],"wp:term":[{"taxonomy":"category","embeddable":true,"href":"https:\/\/blogsaverroes.juntadeandalucia.es\/ceipcarlostercero\/wp-json\/wp\/v2\/categories?post=2261"},{"taxonomy":"post_tag","embeddable":true,"href":"https:\/\/blogsaverroes.juntadeandalucia.es\/ceipcarlostercero\/wp-json\/wp\/v2\/tags?post=2261"}],"curies":[{"name":"wp","href":"https:\/\/api.w.org\/{rel}","templated":true}]}}