{"id":2809,"date":"2021-10-29T14:34:05","date_gmt":"2021-10-29T14:34:05","guid":{"rendered":"https:\/\/blogsaverroes.juntadeandalucia.es\/ceipcarlostercero\/?p=2809"},"modified":"2021-10-29T14:34:05","modified_gmt":"2021-10-29T14:34:05","slug":"y-tu-a-que-te-atreves","status":"publish","type":"post","link":"https:\/\/blogsaverroes.juntadeandalucia.es\/ceipcarlostercero\/2021\/10\/29\/y-tu-a-que-te-atreves\/","title":{"rendered":"Y t\u00fa, \u00bfa qu\u00e9 te atreves?"},"content":{"rendered":"<p>Durante el mes de septiembre nuestros alumnos y alumnas han expresado lo que les gustar\u00eda atreverse durante este curso.<\/p>\n<p>En el v\u00eddeo pod\u00e9is ver algunos ni\u00f1os y ni\u00f1as de nuestro colegio.&nbsp;<\/p>\n<p>Y t\u00fa, \u00bfa qu\u00e9 te vas a atrever?.&nbsp;<\/p>\n<p><iframe loading=\"lazy\" src=\"\/\/www.youtube.com\/embed\/vGp4ZPYaH84\" width=\"560\" height=\"314\"><\/iframe><a href=\"https:\/\/blogsaverroes.juntadeandalucia.es\/ceipcarlostercero\/files\/2021\/01\/logo_pacto_de_estado_pq.jpg\"><img loading=\"lazy\" decoding=\"async\" class=\"size-medium wp-image-2619 aligncenter\" src=\"https:\/\/blogsaverroes.juntadeandalucia.es\/ceipcarlostercero\/files\/2021\/01\/logo_pacto_de_estado_pq-300x240.jpg\" alt=\"\" width=\"300\" height=\"240\" srcset=\"https:\/\/blogsaverroes.juntadeandalucia.es\/ceipcarlostercero\/files\/2021\/01\/logo_pacto_de_estado_pq-300x240.jpg 300w, https:\/\/blogsaverroes.juntadeandalucia.es\/ceipcarlostercero\/files\/2021\/01\/logo_pacto_de_estado_pq-24x19.jpg 24w, https:\/\/blogsaverroes.juntadeandalucia.es\/ceipcarlostercero\/files\/2021\/01\/logo_pacto_de_estado_pq-36x29.jpg 36w, https:\/\/blogsaverroes.juntadeandalucia.es\/ceipcarlostercero\/files\/2021\/01\/logo_pacto_de_estado_pq-48x38.jpg 48w, https:\/\/blogsaverroes.juntadeandalucia.es\/ceipcarlostercero\/files\/2021\/01\/logo_pacto_de_estado_pq.jpg 556w\" sizes=\"(max-width: 300px) 100vw, 300px\" \/><\/a><\/p>\n","protected":false},"excerpt":{"rendered":"<p>Durante el mes de septiembre nuestros alumnos y alumnas han expresado lo que les gustar\u00eda atreverse durante este curso. En el v\u00eddeo pod\u00e9is ver algunos ni\u00f1os y ni\u00f1as de nuestro colegio.&nbsp; Y t\u00fa, \u00bfa qu\u00e9 te vas a atrever?.&nbsp;<\/p>\n","protected":false},"author":10940,"featured_media":0,"comment_status":"open","ping_status":"open","sticky":false,"template":"","format":"standard","meta":{"ngg_post_thumbnail":0,"footnotes":""},"categories":[2351656,11909],"tags":[],"aioseo_notices":[],"_links":{"self":[{"href":"https:\/\/blogsaverroes.juntadeandalucia.es\/ceipcarlostercero\/wp-json\/wp\/v2\/posts\/2809"}],"collection":[{"href":"https:\/\/blogsaverroes.juntadeandalucia.es\/ceipcarlostercero\/wp-json\/wp\/v2\/posts"}],"about":[{"href":"https:\/\/blogsaverroes.juntadeandalucia.es\/ceipcarlostercero\/wp-json\/wp\/v2\/types\/post"}],"author":[{"embeddable":true,"href":"https:\/\/blogsaverroes.juntadeandalucia.es\/ceipcarlostercero\/wp-json\/wp\/v2\/users\/10940"}],"replies":[{"embeddable":true,"href":"https:\/\/blogsaverroes.juntadeandalucia.es\/ceipcarlostercero\/wp-json\/wp\/v2\/comments?post=2809"}],"version-history":[{"count":3,"href":"https:\/\/blogsaverroes.juntadeandalucia.es\/ceipcarlostercero\/wp-json\/wp\/v2\/posts\/2809\/revisions"}],"predecessor-version":[{"id":2982,"href":"https:\/\/blogsaverroes.juntadeandalucia.es\/ceipcarlostercero\/wp-json\/wp\/v2\/posts\/2809\/revisions\/2982"}],"wp:attachment":[{"href":"https:\/\/blogsaverroes.juntadeandalucia.es\/ceipcarlostercero\/wp-json\/wp\/v2\/media?parent=2809"}],"wp:term":[{"taxonomy":"category","embeddable":true,"href":"https:\/\/blogsaverroes.juntadeandalucia.es\/ceipcarlostercero\/wp-json\/wp\/v2\/categories?post=2809"},{"taxonomy":"post_tag","embeddable":true,"href":"https:\/\/blogsaverroes.juntadeandalucia.es\/ceipcarlostercero\/wp-json\/wp\/v2\/tags?post=2809"}],"curies":[{"name":"wp","href":"https:\/\/api.w.org\/{rel}","templated":true}]}}