{"id":3225,"date":"2022-09-08T13:03:53","date_gmt":"2022-09-08T13:03:53","guid":{"rendered":"https:\/\/blogsaverroes.juntadeandalucia.es\/ceipcarlostercero\/?p=3225"},"modified":"2022-09-08T13:03:53","modified_gmt":"2022-09-08T13:03:53","slug":"recuperacion-de-la-contrasena-de-ipasen","status":"publish","type":"post","link":"https:\/\/blogsaverroes.juntadeandalucia.es\/ceipcarlostercero\/2022\/09\/08\/recuperacion-de-la-contrasena-de-ipasen\/","title":{"rendered":"Recuperaci\u00f3n de la contrase\u00f1a de Ipasen"},"content":{"rendered":"<p>\u00bfHab\u00e9is perdido la contrase\u00f1a y no pod\u00e9is acceder a Ipasen? En este Genially explicamos c\u00f3mo recuperarla.&nbsp;<\/p>\n<p><a href=\"https:\/\/view.genial.ly\/6319c68589f53f00124b8cb2\/presentation-presentacion-digital-basica\">https:\/\/view.genial.ly\/6319c68589f53f00124b8cb2\/presentation-presentacion-digital-basica<\/a><\/p>\n","protected":false},"excerpt":{"rendered":"<p>\u00bfHab\u00e9is perdido la contrase\u00f1a y no pod\u00e9is acceder a Ipasen? En este Genially explicamos c\u00f3mo recuperarla.&nbsp; https:\/\/view.genial.ly\/6319c68589f53f00124b8cb2\/presentation-presentacion-digital-basica<\/p>\n","protected":false},"author":10940,"featured_media":0,"comment_status":"open","ping_status":"open","sticky":false,"template":"","format":"standard","meta":{"ngg_post_thumbnail":0,"footnotes":""},"categories":[2351650],"tags":[],"aioseo_notices":[],"_links":{"self":[{"href":"https:\/\/blogsaverroes.juntadeandalucia.es\/ceipcarlostercero\/wp-json\/wp\/v2\/posts\/3225"}],"collection":[{"href":"https:\/\/blogsaverroes.juntadeandalucia.es\/ceipcarlostercero\/wp-json\/wp\/v2\/posts"}],"about":[{"href":"https:\/\/blogsaverroes.juntadeandalucia.es\/ceipcarlostercero\/wp-json\/wp\/v2\/types\/post"}],"author":[{"embeddable":true,"href":"https:\/\/blogsaverroes.juntadeandalucia.es\/ceipcarlostercero\/wp-json\/wp\/v2\/users\/10940"}],"replies":[{"embeddable":true,"href":"https:\/\/blogsaverroes.juntadeandalucia.es\/ceipcarlostercero\/wp-json\/wp\/v2\/comments?post=3225"}],"version-history":[{"count":1,"href":"https:\/\/blogsaverroes.juntadeandalucia.es\/ceipcarlostercero\/wp-json\/wp\/v2\/posts\/3225\/revisions"}],"predecessor-version":[{"id":3226,"href":"https:\/\/blogsaverroes.juntadeandalucia.es\/ceipcarlostercero\/wp-json\/wp\/v2\/posts\/3225\/revisions\/3226"}],"wp:attachment":[{"href":"https:\/\/blogsaverroes.juntadeandalucia.es\/ceipcarlostercero\/wp-json\/wp\/v2\/media?parent=3225"}],"wp:term":[{"taxonomy":"category","embeddable":true,"href":"https:\/\/blogsaverroes.juntadeandalucia.es\/ceipcarlostercero\/wp-json\/wp\/v2\/categories?post=3225"},{"taxonomy":"post_tag","embeddable":true,"href":"https:\/\/blogsaverroes.juntadeandalucia.es\/ceipcarlostercero\/wp-json\/wp\/v2\/tags?post=3225"}],"curies":[{"name":"wp","href":"https:\/\/api.w.org\/{rel}","templated":true}]}}