{"id":3474,"date":"2023-02-20T19:25:48","date_gmt":"2023-02-20T19:25:48","guid":{"rendered":"https:\/\/blogsaverroes.juntadeandalucia.es\/ceipcarlostercero\/?p=3474"},"modified":"2023-02-20T19:29:06","modified_gmt":"2023-02-20T19:29:06","slug":"proyecto-el-monstruo-de-los-colores","status":"publish","type":"post","link":"https:\/\/blogsaverroes.juntadeandalucia.es\/ceipcarlostercero\/2023\/02\/20\/proyecto-el-monstruo-de-los-colores\/","title":{"rendered":"Proyecto \u00abEl Monstruo de los colores\u00bb"},"content":{"rendered":"<p>Ya hemos terminado el proyecto&nbsp; \u00abEl Monstruo de los colores\u00bb en el aula de educaci\u00f3n infantil 3 a\u00f1os B.&nbsp;<\/p>\n<p>En este v\u00eddeo pod\u00e9is ver algunos de los talleres y actividades realizadas durante este proyecto.&nbsp;<\/p>\n<div style=\"width: 640px;\" class=\"wp-video\"><!--[if lt IE 9]><script>document.createElement('video');<\/script><![endif]-->\n<video class=\"wp-video-shortcode\" id=\"video-3474-1\" width=\"640\" height=\"480\" preload=\"metadata\" controls=\"controls\"><source type=\"video\/mp4\" src=\"https:\/\/blogsaverroes.juntadeandalucia.es\/ceipcarlostercero\/files\/2023\/02\/20230220_201758.mp4?_=1\" \/><a href=\"https:\/\/blogsaverroes.juntadeandalucia.es\/ceipcarlostercero\/files\/2023\/02\/20230220_201758.mp4\">https:\/\/blogsaverroes.juntadeandalucia.es\/ceipcarlostercero\/files\/2023\/02\/20230220_201758.mp4<\/a><\/video><\/div>\n","protected":false},"excerpt":{"rendered":"<p>Ya hemos terminado el proyecto&nbsp; \u00abEl Monstruo de los colores\u00bb en el aula de educaci\u00f3n infantil 3 a\u00f1os B.&nbsp; En este v\u00eddeo pod\u00e9is ver algunos de los talleres y actividades realizadas durante este proyecto.&nbsp;<\/p>\n","protected":false},"author":10940,"featured_media":0,"comment_status":"open","ping_status":"open","sticky":false,"template":"","format":"standard","meta":{"ngg_post_thumbnail":0,"footnotes":""},"categories":[2351654],"tags":[],"aioseo_notices":[],"_links":{"self":[{"href":"https:\/\/blogsaverroes.juntadeandalucia.es\/ceipcarlostercero\/wp-json\/wp\/v2\/posts\/3474"}],"collection":[{"href":"https:\/\/blogsaverroes.juntadeandalucia.es\/ceipcarlostercero\/wp-json\/wp\/v2\/posts"}],"about":[{"href":"https:\/\/blogsaverroes.juntadeandalucia.es\/ceipcarlostercero\/wp-json\/wp\/v2\/types\/post"}],"author":[{"embeddable":true,"href":"https:\/\/blogsaverroes.juntadeandalucia.es\/ceipcarlostercero\/wp-json\/wp\/v2\/users\/10940"}],"replies":[{"embeddable":true,"href":"https:\/\/blogsaverroes.juntadeandalucia.es\/ceipcarlostercero\/wp-json\/wp\/v2\/comments?post=3474"}],"version-history":[{"count":4,"href":"https:\/\/blogsaverroes.juntadeandalucia.es\/ceipcarlostercero\/wp-json\/wp\/v2\/posts\/3474\/revisions"}],"predecessor-version":[{"id":3479,"href":"https:\/\/blogsaverroes.juntadeandalucia.es\/ceipcarlostercero\/wp-json\/wp\/v2\/posts\/3474\/revisions\/3479"}],"wp:attachment":[{"href":"https:\/\/blogsaverroes.juntadeandalucia.es\/ceipcarlostercero\/wp-json\/wp\/v2\/media?parent=3474"}],"wp:term":[{"taxonomy":"category","embeddable":true,"href":"https:\/\/blogsaverroes.juntadeandalucia.es\/ceipcarlostercero\/wp-json\/wp\/v2\/categories?post=3474"},{"taxonomy":"post_tag","embeddable":true,"href":"https:\/\/blogsaverroes.juntadeandalucia.es\/ceipcarlostercero\/wp-json\/wp\/v2\/tags?post=3474"}],"curies":[{"name":"wp","href":"https:\/\/api.w.org\/{rel}","templated":true}]}}