{"id":3482,"date":"2023-02-22T12:25:00","date_gmt":"2023-02-22T12:25:00","guid":{"rendered":"https:\/\/blogsaverroes.juntadeandalucia.es\/ceipcarlostercero\/?p=3482"},"modified":"2023-02-22T12:25:00","modified_gmt":"2023-02-22T12:25:00","slug":"inicio-periodo-de-admision-para-el-curso-2023-2024","status":"publish","type":"post","link":"https:\/\/blogsaverroes.juntadeandalucia.es\/ceipcarlostercero\/2023\/02\/22\/inicio-periodo-de-admision-para-el-curso-2023-2024\/","title":{"rendered":"Inicio periodo de admisi\u00f3n para el curso 2023-2024"},"content":{"rendered":"<p>&nbsp;<\/p>\n<p><b>Del 1 al 31 de Marzo pod\u00e9is solicitar plaza en nuestro cole para el curso 2023-2024<\/b><\/p>\n<p>&nbsp;<\/p>\n<p><b>Para consultar toda la informaci\u00f3n publicada por la Consejer\u00eda de Desarrollo Educativo y Formaci\u00f3n Profesional pincha en el siguiente enlace <\/b><a href=\"https:\/\/www.juntadeandalucia.es\/educacion\/portals\/web\/escolarizacion\"><b>PORTAL DE ESCOLARIZACI\u00d3N<\/b><\/a><\/p>\n<p>&nbsp;<\/p>\n<p><b>En este blog pondremos actualizada toda la informaci\u00f3n necesaria, tambi\u00e9n la podr\u00e9is encontrar en el tabl\u00f3n de anuncios del colegio. Si tienes dudas o necesitas m\u00e1s informaci\u00f3n puedes llamarnos al tel\u00e9fono 957 30 79 12 o pasarte por el colegio en horario de secretar\u00eda de 11:00h a 12:00h.<\/b><\/p>\n","protected":false},"excerpt":{"rendered":"<p>&nbsp; Del 1 al 31 de Marzo pod\u00e9is solicitar plaza en nuestro cole para el curso 2023-2024 &nbsp; Para consultar toda la informaci\u00f3n publicada por la Consejer\u00eda de Desarrollo Educativo y Formaci\u00f3n Profesional pincha en el siguiente enlace PORTAL DE ESCOLARIZACI\u00d3N &nbsp; En este blog pondremos actualizada toda la informaci\u00f3n necesaria, tambi\u00e9n la podr\u00e9is encontrar [&hellip;]<\/p>\n","protected":false},"author":10940,"featured_media":0,"comment_status":"open","ping_status":"open","sticky":false,"template":"","format":"standard","meta":{"ngg_post_thumbnail":0,"footnotes":""},"categories":[2351650],"tags":[],"aioseo_notices":[],"_links":{"self":[{"href":"https:\/\/blogsaverroes.juntadeandalucia.es\/ceipcarlostercero\/wp-json\/wp\/v2\/posts\/3482"}],"collection":[{"href":"https:\/\/blogsaverroes.juntadeandalucia.es\/ceipcarlostercero\/wp-json\/wp\/v2\/posts"}],"about":[{"href":"https:\/\/blogsaverroes.juntadeandalucia.es\/ceipcarlostercero\/wp-json\/wp\/v2\/types\/post"}],"author":[{"embeddable":true,"href":"https:\/\/blogsaverroes.juntadeandalucia.es\/ceipcarlostercero\/wp-json\/wp\/v2\/users\/10940"}],"replies":[{"embeddable":true,"href":"https:\/\/blogsaverroes.juntadeandalucia.es\/ceipcarlostercero\/wp-json\/wp\/v2\/comments?post=3482"}],"version-history":[{"count":1,"href":"https:\/\/blogsaverroes.juntadeandalucia.es\/ceipcarlostercero\/wp-json\/wp\/v2\/posts\/3482\/revisions"}],"predecessor-version":[{"id":3483,"href":"https:\/\/blogsaverroes.juntadeandalucia.es\/ceipcarlostercero\/wp-json\/wp\/v2\/posts\/3482\/revisions\/3483"}],"wp:attachment":[{"href":"https:\/\/blogsaverroes.juntadeandalucia.es\/ceipcarlostercero\/wp-json\/wp\/v2\/media?parent=3482"}],"wp:term":[{"taxonomy":"category","embeddable":true,"href":"https:\/\/blogsaverroes.juntadeandalucia.es\/ceipcarlostercero\/wp-json\/wp\/v2\/categories?post=3482"},{"taxonomy":"post_tag","embeddable":true,"href":"https:\/\/blogsaverroes.juntadeandalucia.es\/ceipcarlostercero\/wp-json\/wp\/v2\/tags?post=3482"}],"curies":[{"name":"wp","href":"https:\/\/api.w.org\/{rel}","templated":true}]}}