{"id":3555,"date":"2023-03-07T14:49:16","date_gmt":"2023-03-07T14:49:16","guid":{"rendered":"https:\/\/blogsaverroes.juntadeandalucia.es\/ceipcarlostercero\/?p=3555"},"modified":"2023-03-07T14:49:16","modified_gmt":"2023-03-07T14:49:16","slug":"patrullers-en-accion-de-visita-en-la-residencia-vitalia","status":"publish","type":"post","link":"https:\/\/blogsaverroes.juntadeandalucia.es\/ceipcarlostercero\/2023\/03\/07\/patrullers-en-accion-de-visita-en-la-residencia-vitalia\/","title":{"rendered":"Patruller@s en acci\u00f3n: De visita en la residencia Vitalia"},"content":{"rendered":"<p><span>El martes d\u00eda 7 de marzo los <\/span><b>Patruller@s<\/b><span> de 5\u00ba y 6\u00ba fueron a la Residencia Vitalia de La Carlota para compartir con nuestros mayores una agradable jornada para ense\u00f1arles a separar los residuos cotidianos.<\/span><\/p>\n<p><span style=\"font-weight: 400\">Los alumn@s hicieron una exposici\u00f3n digital en las que mostraron qu\u00e9 tipo de residuos debemos echar en cada tipo de contenedor. Asimismo, ofrecieron informaci\u00f3n muy interesante acerca de cu\u00e1nto tiempo tardan en descomponerse algunos materiales de desecho cotidianos y datos curiosos sobre para qu\u00e9 se utilizan los desechos que reciclamos. Por \u00faltimo, compartieron una actividad l\u00fadica con nuestros mayores d\u00f3nde pusieron en pr\u00e1ctica todo lo aprendido poniendo cada cosa en su lugar.<\/span><\/p>\n<p><span style=\"font-weight: 400\">\u00a1Fue una jornada estupenda!<\/span><\/p>\n<p><span style=\"font-weight: 400\">Gracias por brindarnos esta oportunidad donde tanto hemos disfrutado y nos hemos enriquecido.<\/span><\/p>\n<p><a href=\"https:\/\/blogsaverroes.juntadeandalucia.es\/ceipcarlostercero\/files\/2023\/03\/IMG-20230307-WA0007.jpg\"><img loading=\"lazy\" decoding=\"async\" class=\"alignnone size-medium wp-image-3556\" src=\"https:\/\/blogsaverroes.juntadeandalucia.es\/ceipcarlostercero\/files\/2023\/03\/IMG-20230307-WA0007-300x225.jpg\" alt=\"\" width=\"300\" height=\"225\" srcset=\"https:\/\/blogsaverroes.juntadeandalucia.es\/ceipcarlostercero\/files\/2023\/03\/IMG-20230307-WA0007-300x225.jpg 300w, https:\/\/blogsaverroes.juntadeandalucia.es\/ceipcarlostercero\/files\/2023\/03\/IMG-20230307-WA0007-768x576.jpg 768w, https:\/\/blogsaverroes.juntadeandalucia.es\/ceipcarlostercero\/files\/2023\/03\/IMG-20230307-WA0007.jpg 1024w\" sizes=\"(max-width: 300px) 100vw, 300px\" \/><\/a> <a href=\"https:\/\/blogsaverroes.juntadeandalucia.es\/ceipcarlostercero\/files\/2023\/03\/IMG-20230307-WA0009.jpg\"><img loading=\"lazy\" decoding=\"async\" class=\"alignnone size-medium wp-image-3557\" src=\"https:\/\/blogsaverroes.juntadeandalucia.es\/ceipcarlostercero\/files\/2023\/03\/IMG-20230307-WA0009-300x225.jpg\" alt=\"\" width=\"300\" height=\"225\" srcset=\"https:\/\/blogsaverroes.juntadeandalucia.es\/ceipcarlostercero\/files\/2023\/03\/IMG-20230307-WA0009-300x225.jpg 300w, https:\/\/blogsaverroes.juntadeandalucia.es\/ceipcarlostercero\/files\/2023\/03\/IMG-20230307-WA0009-768x576.jpg 768w, https:\/\/blogsaverroes.juntadeandalucia.es\/ceipcarlostercero\/files\/2023\/03\/IMG-20230307-WA0009.jpg 1024w\" sizes=\"(max-width: 300px) 100vw, 300px\" \/><\/a> <a href=\"https:\/\/blogsaverroes.juntadeandalucia.es\/ceipcarlostercero\/files\/2023\/03\/IMG-20230307-WA0010.jpg\"><img loading=\"lazy\" decoding=\"async\" class=\"alignnone size-medium wp-image-3558\" src=\"https:\/\/blogsaverroes.juntadeandalucia.es\/ceipcarlostercero\/files\/2023\/03\/IMG-20230307-WA0010-300x225.jpg\" alt=\"\" width=\"300\" height=\"225\" srcset=\"https:\/\/blogsaverroes.juntadeandalucia.es\/ceipcarlostercero\/files\/2023\/03\/IMG-20230307-WA0010-300x225.jpg 300w, https:\/\/blogsaverroes.juntadeandalucia.es\/ceipcarlostercero\/files\/2023\/03\/IMG-20230307-WA0010-768x576.jpg 768w, https:\/\/blogsaverroes.juntadeandalucia.es\/ceipcarlostercero\/files\/2023\/03\/IMG-20230307-WA0010.jpg 1024w\" sizes=\"(max-width: 300px) 100vw, 300px\" \/><\/a> <a href=\"https:\/\/blogsaverroes.juntadeandalucia.es\/ceipcarlostercero\/files\/2023\/03\/IMG-20230307-WA0011.jpg\"><img loading=\"lazy\" decoding=\"async\" class=\"alignnone size-medium wp-image-3559\" src=\"https:\/\/blogsaverroes.juntadeandalucia.es\/ceipcarlostercero\/files\/2023\/03\/IMG-20230307-WA0011-300x225.jpg\" alt=\"\" width=\"300\" height=\"225\" srcset=\"https:\/\/blogsaverroes.juntadeandalucia.es\/ceipcarlostercero\/files\/2023\/03\/IMG-20230307-WA0011-300x225.jpg 300w, https:\/\/blogsaverroes.juntadeandalucia.es\/ceipcarlostercero\/files\/2023\/03\/IMG-20230307-WA0011-768x576.jpg 768w, https:\/\/blogsaverroes.juntadeandalucia.es\/ceipcarlostercero\/files\/2023\/03\/IMG-20230307-WA0011.jpg 1024w\" sizes=\"(max-width: 300px) 100vw, 300px\" \/><\/a> <a href=\"https:\/\/blogsaverroes.juntadeandalucia.es\/ceipcarlostercero\/files\/2023\/03\/IMG-20230307-WA0013.jpg\"><img loading=\"lazy\" decoding=\"async\" class=\"alignnone size-medium wp-image-3560\" src=\"https:\/\/blogsaverroes.juntadeandalucia.es\/ceipcarlostercero\/files\/2023\/03\/IMG-20230307-WA0013-300x225.jpg\" alt=\"\" width=\"300\" height=\"225\" srcset=\"https:\/\/blogsaverroes.juntadeandalucia.es\/ceipcarlostercero\/files\/2023\/03\/IMG-20230307-WA0013-300x225.jpg 300w, https:\/\/blogsaverroes.juntadeandalucia.es\/ceipcarlostercero\/files\/2023\/03\/IMG-20230307-WA0013-768x576.jpg 768w, https:\/\/blogsaverroes.juntadeandalucia.es\/ceipcarlostercero\/files\/2023\/03\/IMG-20230307-WA0013.jpg 1024w\" sizes=\"(max-width: 300px) 100vw, 300px\" \/><\/a> <a href=\"https:\/\/blogsaverroes.juntadeandalucia.es\/ceipcarlostercero\/files\/2023\/03\/IMG-20230307-WA0012.jpg\"><img loading=\"lazy\" decoding=\"async\" class=\"alignnone size-medium wp-image-3561\" src=\"https:\/\/blogsaverroes.juntadeandalucia.es\/ceipcarlostercero\/files\/2023\/03\/IMG-20230307-WA0012-300x225.jpg\" alt=\"\" width=\"300\" height=\"225\" srcset=\"https:\/\/blogsaverroes.juntadeandalucia.es\/ceipcarlostercero\/files\/2023\/03\/IMG-20230307-WA0012-300x225.jpg 300w, https:\/\/blogsaverroes.juntadeandalucia.es\/ceipcarlostercero\/files\/2023\/03\/IMG-20230307-WA0012-768x576.jpg 768w, https:\/\/blogsaverroes.juntadeandalucia.es\/ceipcarlostercero\/files\/2023\/03\/IMG-20230307-WA0012.jpg 1024w\" sizes=\"(max-width: 300px) 100vw, 300px\" \/><\/a><\/p>\n<p><span style=\"font-weight: 400\">Gracias a nuestros <\/span><b>Patruller@s<\/b><span style=\"font-weight: 400\"> por toda su implicaci\u00f3n y entrega en este proyecto.<\/span><\/p>\n<p><span style=\"font-weight: 400\">\u00a1Enhorabuena Equipo!<\/span><\/p>\n<p><a href=\"https:\/\/blogsaverroes.juntadeandalucia.es\/ceipcarlostercero\/files\/2023\/03\/IMG-20230307-WA0008.jpg\"><img loading=\"lazy\" decoding=\"async\" class=\"alignnone size-medium wp-image-3562\" src=\"https:\/\/blogsaverroes.juntadeandalucia.es\/ceipcarlostercero\/files\/2023\/03\/IMG-20230307-WA0008-300x225.jpg\" alt=\"\" width=\"300\" height=\"225\" srcset=\"https:\/\/blogsaverroes.juntadeandalucia.es\/ceipcarlostercero\/files\/2023\/03\/IMG-20230307-WA0008-300x225.jpg 300w, https:\/\/blogsaverroes.juntadeandalucia.es\/ceipcarlostercero\/files\/2023\/03\/IMG-20230307-WA0008-768x576.jpg 768w, https:\/\/blogsaverroes.juntadeandalucia.es\/ceipcarlostercero\/files\/2023\/03\/IMG-20230307-WA0008.jpg 1024w\" sizes=\"(max-width: 300px) 100vw, 300px\" \/><\/a> <a href=\"https:\/\/blogsaverroes.juntadeandalucia.es\/ceipcarlostercero\/files\/2023\/03\/IMG-20230307-WA0014.jpg\"><img loading=\"lazy\" decoding=\"async\" class=\"alignnone size-medium wp-image-3563\" src=\"https:\/\/blogsaverroes.juntadeandalucia.es\/ceipcarlostercero\/files\/2023\/03\/IMG-20230307-WA0014-300x225.jpg\" alt=\"\" width=\"300\" height=\"225\" srcset=\"https:\/\/blogsaverroes.juntadeandalucia.es\/ceipcarlostercero\/files\/2023\/03\/IMG-20230307-WA0014-300x225.jpg 300w, https:\/\/blogsaverroes.juntadeandalucia.es\/ceipcarlostercero\/files\/2023\/03\/IMG-20230307-WA0014-1024x768.jpg 1024w, https:\/\/blogsaverroes.juntadeandalucia.es\/ceipcarlostercero\/files\/2023\/03\/IMG-20230307-WA0014-768x576.jpg 768w, https:\/\/blogsaverroes.juntadeandalucia.es\/ceipcarlostercero\/files\/2023\/03\/IMG-20230307-WA0014-1536x1152.jpg 1536w, https:\/\/blogsaverroes.juntadeandalucia.es\/ceipcarlostercero\/files\/2023\/03\/IMG-20230307-WA0014-1200x900.jpg 1200w, https:\/\/blogsaverroes.juntadeandalucia.es\/ceipcarlostercero\/files\/2023\/03\/IMG-20230307-WA0014.jpg 1600w\" sizes=\"(max-width: 300px) 100vw, 300px\" \/><\/a><\/p>\n","protected":false},"excerpt":{"rendered":"<p>El martes d\u00eda 7 de marzo los Patruller@s de 5\u00ba y 6\u00ba fueron a la Residencia Vitalia de La Carlota para compartir con nuestros mayores una agradable jornada para ense\u00f1arles a separar los residuos cotidianos. Los alumn@s hicieron una exposici\u00f3n digital en las que mostraron qu\u00e9 tipo de residuos debemos echar en cada tipo de [&hellip;]<\/p>\n","protected":false},"author":10940,"featured_media":0,"comment_status":"open","ping_status":"open","sticky":false,"template":"","format":"standard","meta":{"ngg_post_thumbnail":0,"footnotes":""},"categories":[2351653],"tags":[],"aioseo_notices":[],"_links":{"self":[{"href":"https:\/\/blogsaverroes.juntadeandalucia.es\/ceipcarlostercero\/wp-json\/wp\/v2\/posts\/3555"}],"collection":[{"href":"https:\/\/blogsaverroes.juntadeandalucia.es\/ceipcarlostercero\/wp-json\/wp\/v2\/posts"}],"about":[{"href":"https:\/\/blogsaverroes.juntadeandalucia.es\/ceipcarlostercero\/wp-json\/wp\/v2\/types\/post"}],"author":[{"embeddable":true,"href":"https:\/\/blogsaverroes.juntadeandalucia.es\/ceipcarlostercero\/wp-json\/wp\/v2\/users\/10940"}],"replies":[{"embeddable":true,"href":"https:\/\/blogsaverroes.juntadeandalucia.es\/ceipcarlostercero\/wp-json\/wp\/v2\/comments?post=3555"}],"version-history":[{"count":1,"href":"https:\/\/blogsaverroes.juntadeandalucia.es\/ceipcarlostercero\/wp-json\/wp\/v2\/posts\/3555\/revisions"}],"predecessor-version":[{"id":3564,"href":"https:\/\/blogsaverroes.juntadeandalucia.es\/ceipcarlostercero\/wp-json\/wp\/v2\/posts\/3555\/revisions\/3564"}],"wp:attachment":[{"href":"https:\/\/blogsaverroes.juntadeandalucia.es\/ceipcarlostercero\/wp-json\/wp\/v2\/media?parent=3555"}],"wp:term":[{"taxonomy":"category","embeddable":true,"href":"https:\/\/blogsaverroes.juntadeandalucia.es\/ceipcarlostercero\/wp-json\/wp\/v2\/categories?post=3555"},{"taxonomy":"post_tag","embeddable":true,"href":"https:\/\/blogsaverroes.juntadeandalucia.es\/ceipcarlostercero\/wp-json\/wp\/v2\/tags?post=3555"}],"curies":[{"name":"wp","href":"https:\/\/api.w.org\/{rel}","templated":true}]}}