{"id":4417,"date":"2024-11-14T13:39:00","date_gmt":"2024-11-14T13:39:00","guid":{"rendered":"https:\/\/blogsaverroes.juntadeandalucia.es\/ceipcarlostercero\/?p=4417"},"modified":"2024-11-14T13:39:00","modified_gmt":"2024-11-14T13:39:00","slug":"ecolatras","status":"publish","type":"post","link":"https:\/\/blogsaverroes.juntadeandalucia.es\/ceipcarlostercero\/2024\/11\/14\/ecolatras\/","title":{"rendered":"Ec\u00f3latras"},"content":{"rendered":"<p>Desde nuestro cole hemos decidido inscribirnos en el programa Ec\u00f3latras. Es una plataforma en Ecoembes, a nivel nacional, dise\u00f1ada para promover la sostenibilidad y la participaci\u00f3n ciudadana en proyectos ecol\u00f3gicos. Su principal objetivo es fomentar el compromiso de los ciudadanos y las comunidades con la protecci\u00f3n del medio ambiente, d\u00e1ndoles un espacio para presentar, compartir y difundir iniciativas ecol\u00f3gicas a nivel local y nacional.<\/p>\n<p>Este programa nos invita a publicar nuestros proyectos ambientales de reciclaje y huerto escolar. A trav\u00e9s de la plataforma podemos explorar otros proyectos.<\/p>\n<p>Ec\u00f3latras tambi\u00e9n organiza un concursos y los proyectos que obtengan m\u00e1s votos del p\u00fablico, y los m\u00e1s populares reciben premios y apoyo para continuar sus acciones.<\/p>\n<p>Os invito a pinchar en los siguientes enlaces y votar nuestras iniciativas.<br \/>\n\u00a1Gracias! \ud83d\udc9a\ud83c\udf0d\ud83c\udf40<\/p>\n<p><a href=\"https:\/\/www.ecolatras.es\/detalle\/energia-consciente-ahorrando-en-el-ceip-carlos-iii\">https:\/\/www.ecolatras.es\/detalle\/energia-consciente-ahorrando-en-el-ceip-carlos-iii<\/a><\/p>\n<p>&nbsp;<\/p>\n<p style=\"text-align: right\"><a href=\"https:\/\/www.ecolatras.es\/detalle\/ecopatrullas-cuidamos-nuestro-patio-en-el-ceip-carlos-iii\">https:\/\/www.ecolatras.es\/detalle\/ecopatrullas-cuidamos-nuestro-patio-en-el-ceip-carlos-iii<\/a><\/p>\n","protected":false},"excerpt":{"rendered":"<p>Desde nuestro cole hemos decidido inscribirnos en el programa Ec\u00f3latras. Es una plataforma en Ecoembes, a nivel nacional, dise\u00f1ada para promover la sostenibilidad y la participaci\u00f3n ciudadana en proyectos ecol\u00f3gicos. Su principal objetivo es fomentar el compromiso de los ciudadanos y las comunidades con la protecci\u00f3n del medio ambiente, d\u00e1ndoles un espacio para presentar, compartir [&hellip;]<\/p>\n","protected":false},"author":10940,"featured_media":0,"comment_status":"open","ping_status":"open","sticky":false,"template":"","format":"standard","meta":{"ngg_post_thumbnail":0,"footnotes":""},"categories":[2351656,2351651,2351652,2351653],"tags":[],"aioseo_notices":[],"_links":{"self":[{"href":"https:\/\/blogsaverroes.juntadeandalucia.es\/ceipcarlostercero\/wp-json\/wp\/v2\/posts\/4417"}],"collection":[{"href":"https:\/\/blogsaverroes.juntadeandalucia.es\/ceipcarlostercero\/wp-json\/wp\/v2\/posts"}],"about":[{"href":"https:\/\/blogsaverroes.juntadeandalucia.es\/ceipcarlostercero\/wp-json\/wp\/v2\/types\/post"}],"author":[{"embeddable":true,"href":"https:\/\/blogsaverroes.juntadeandalucia.es\/ceipcarlostercero\/wp-json\/wp\/v2\/users\/10940"}],"replies":[{"embeddable":true,"href":"https:\/\/blogsaverroes.juntadeandalucia.es\/ceipcarlostercero\/wp-json\/wp\/v2\/comments?post=4417"}],"version-history":[{"count":1,"href":"https:\/\/blogsaverroes.juntadeandalucia.es\/ceipcarlostercero\/wp-json\/wp\/v2\/posts\/4417\/revisions"}],"predecessor-version":[{"id":4418,"href":"https:\/\/blogsaverroes.juntadeandalucia.es\/ceipcarlostercero\/wp-json\/wp\/v2\/posts\/4417\/revisions\/4418"}],"wp:attachment":[{"href":"https:\/\/blogsaverroes.juntadeandalucia.es\/ceipcarlostercero\/wp-json\/wp\/v2\/media?parent=4417"}],"wp:term":[{"taxonomy":"category","embeddable":true,"href":"https:\/\/blogsaverroes.juntadeandalucia.es\/ceipcarlostercero\/wp-json\/wp\/v2\/categories?post=4417"},{"taxonomy":"post_tag","embeddable":true,"href":"https:\/\/blogsaverroes.juntadeandalucia.es\/ceipcarlostercero\/wp-json\/wp\/v2\/tags?post=4417"}],"curies":[{"name":"wp","href":"https:\/\/api.w.org\/{rel}","templated":true}]}}