{"id":2371,"date":"2016-02-07T19:05:49","date_gmt":"2016-02-07T19:05:49","guid":{"rendered":"http:\/\/blogsaverroes.juntadeandalucia.es\/ceipcarmendeburgos\/?p=2371"},"modified":"2016-03-08T08:28:49","modified_gmt":"2016-03-08T08:28:49","slug":"noticia","status":"publish","type":"post","link":"https:\/\/blogsaverroes.juntadeandalucia.es\/ceipcarmendeburgos\/2016\/02\/07\/noticia\/","title":{"rendered":"I SEMANA BIBLIOTECAS ESCOLARES"},"content":{"rendered":"<p><strong>I Semana de las Bibliotecas Escolares en M\u00e1laga<\/strong><\/p>\n<p><strong>\u00a0<\/strong><\/p>\n<p>&nbsp;<\/p>\n<p>El 24 de octubre se celebra el D\u00eda de la Biblioteca como homenaje y reconocimiento a la labor que desempe\u00f1an los bibliotecarios. El objetivo es concienciar a nuestra sociedad de la importancia de la lectura, especialmente entre los ni\u00f1os y j\u00f3venes y para agradecer y potenciar la extraordinaria labora de los bibliotecarios y bibliotecarias.<\/p>\n<p>El D\u00eda de la Biblioteca surge en 1997 por una iniciativa de la Asociaci\u00f3n Espa\u00f1ola de Amigos del Libro Infantil y Juvenil,con el patrocinio del Ministerio de Educaci\u00f3n, Cultura y Deporte en recuerdo de la destrucci\u00f3n de la Biblioteca de Sarajevo, incendiada en 1992 durante el conflicto balc\u00e1nico.<\/p>\n<p>En Estados Unidos, la celebraci\u00f3n en homenaje a las bibliotecas se iniciaron en 1999 cuando se proclam\u00f3 el 18 de octubre como el \u00abD\u00eda Internacional de la Biblioteca Escolar\u00bb por la\u00a0<em>International Association of School Librarianship<\/em>\u00a0&#8211; IASL (Asociaci\u00f3n Internacional de Bibliotecas Escolares). A partir de 2008, se decidi\u00f3 ampliar el evento al \u00abMes Internacional de la Biblioteca Escolar\u00bb con objeto que cada biblioteca escolar de todo el mundo pudiera elegir un d\u00eda espec\u00edfico del mes de octubre.<\/p>\n<p>&nbsp;<\/p>\n","protected":false},"excerpt":{"rendered":"<p>I Semana de las Bibliotecas Escolares en M\u00e1laga \u00a0 &nbsp; El 24 de octubre se celebra el D\u00eda de la Biblioteca como homenaje y reconocimiento a la labor que desempe\u00f1an los bibliotecarios. El objetivo&#46;&#46;&#46;<\/p>\n","protected":false},"author":2239,"featured_media":0,"comment_status":"closed","ping_status":"closed","sticky":false,"template":"","format":"standard","meta":{"ngg_post_thumbnail":0,"footnotes":""},"categories":[32,213],"tags":[],"aioseo_notices":[],"_links":{"self":[{"href":"https:\/\/blogsaverroes.juntadeandalucia.es\/ceipcarmendeburgos\/wp-json\/wp\/v2\/posts\/2371"}],"collection":[{"href":"https:\/\/blogsaverroes.juntadeandalucia.es\/ceipcarmendeburgos\/wp-json\/wp\/v2\/posts"}],"about":[{"href":"https:\/\/blogsaverroes.juntadeandalucia.es\/ceipcarmendeburgos\/wp-json\/wp\/v2\/types\/post"}],"author":[{"embeddable":true,"href":"https:\/\/blogsaverroes.juntadeandalucia.es\/ceipcarmendeburgos\/wp-json\/wp\/v2\/users\/2239"}],"replies":[{"embeddable":true,"href":"https:\/\/blogsaverroes.juntadeandalucia.es\/ceipcarmendeburgos\/wp-json\/wp\/v2\/comments?post=2371"}],"version-history":[{"count":2,"href":"https:\/\/blogsaverroes.juntadeandalucia.es\/ceipcarmendeburgos\/wp-json\/wp\/v2\/posts\/2371\/revisions"}],"predecessor-version":[{"id":2610,"href":"https:\/\/blogsaverroes.juntadeandalucia.es\/ceipcarmendeburgos\/wp-json\/wp\/v2\/posts\/2371\/revisions\/2610"}],"wp:attachment":[{"href":"https:\/\/blogsaverroes.juntadeandalucia.es\/ceipcarmendeburgos\/wp-json\/wp\/v2\/media?parent=2371"}],"wp:term":[{"taxonomy":"category","embeddable":true,"href":"https:\/\/blogsaverroes.juntadeandalucia.es\/ceipcarmendeburgos\/wp-json\/wp\/v2\/categories?post=2371"},{"taxonomy":"post_tag","embeddable":true,"href":"https:\/\/blogsaverroes.juntadeandalucia.es\/ceipcarmendeburgos\/wp-json\/wp\/v2\/tags?post=2371"}],"curies":[{"name":"wp","href":"https:\/\/api.w.org\/{rel}","templated":true}]}}