{"id":2577,"date":"2016-03-03T20:22:53","date_gmt":"2016-03-03T20:22:53","guid":{"rendered":"http:\/\/blogsaverroes.juntadeandalucia.es\/ceipcarmendeburgos\/?p=2577"},"modified":"2016-03-03T20:22:53","modified_gmt":"2016-03-03T20:22:53","slug":"el-alumnado-del-ceip-carmen-de-burgos-conoce-de-primera-mano-un-gran-logro-de-la-medicina","status":"publish","type":"post","link":"https:\/\/blogsaverroes.juntadeandalucia.es\/ceipcarmendeburgos\/2016\/03\/03\/el-alumnado-del-ceip-carmen-de-burgos-conoce-de-primera-mano-un-gran-logro-de-la-medicina\/","title":{"rendered":"EL ALUMNADO DEL CEIP CARMEN DE BURGOS CONOCE DE PRIMERA MANO UN GRAN LOGRO DE LA MEDICINA"},"content":{"rendered":"<p><a title=\"\" href=\"http:\/\/i0.wp.com\/www.educacionenmalaga.es\/public\/2016\/01\/IMG_9359.jpg\" rel=\"attachment wp-att-71211\"><img loading=\"lazy\" decoding=\"async\" class=\"alignleft size-medium wp-image-71211\" src=\"http:\/\/i0.wp.com\/www.educacionenmalaga.es\/public\/2016\/01\/IMG_9359.jpg?resize=300%2C225\" alt=\"IMG_9359\" width=\"300\" height=\"225\" \/><\/a>\u00a0 El pasado viernes 22 de enero tuvieron lugar en el CEIP \u00a0 Carmen de Burgos unas charlas para el alumnado del \u00a0 \u00a0 \u00a0 Tercer Ciclo de Primaria y 4\u00ba de Primaria del \u00a0 \u00a0 \u00a0 \u00a0 \u00a0neurocirujano a cargo del Dr. Guillermo Ib\u00e1\u00f1ez Botella, \u00a0 que forma parte de la comunidad educativa del centro.<\/p>\n<p>El Dr. Guillermo Ib\u00e1\u00f1ez fue noticia en los medios de \u00a0 \u00a0comunicaci\u00f3n nacionales e internacionales, por realizar \u00a0una operaci\u00f3n que s\u00f3lo se ha realizado aqu\u00ed en M\u00e1laga y \u00a0en California.<\/p>\n<p>Se trata de un gran logro de la Medicina, que ha consistido en mantener despierto (sin anestesia general) durante toda la intervenci\u00f3n al paciente, a Carlos Aguilera, de 27 a\u00f1os, que lleg\u00f3 a interpretar varias piezas musicales con el saxof\u00f3n, una balada de jazz, y el arreglo de una de Johann Sebastian Bach.<\/p>\n<p>El alumnado mostr\u00f3 un gran inter\u00e9s ante la noticia, por lo que se programaron tres charlas consecutivas para llegar al mayor n\u00famero. Realizaron preguntas muy interesantes sobre su profesi\u00f3n y las dificultades que entra\u00f1aban la operaci\u00f3n con el paciente despierto.<\/p>\n<p>Fue una clase magistral tanto de ciencias como de valores. El esfuerzo, el compromiso con la sociedad, se ve\u00edan reflejados en sus palabras y el respeto a la vida.<\/p>\n","protected":false},"excerpt":{"rendered":"<p>\u00a0 El pasado viernes 22 de enero tuvieron lugar en el CEIP \u00a0 Carmen de Burgos unas charlas para el alumnado del \u00a0 \u00a0 \u00a0 Tercer Ciclo de Primaria y 4\u00ba de Primaria del&#46;&#46;&#46;<\/p>\n","protected":false},"author":2239,"featured_media":0,"comment_status":"closed","ping_status":"closed","sticky":false,"template":"","format":"standard","meta":{"ngg_post_thumbnail":0,"footnotes":""},"categories":[526],"tags":[],"aioseo_notices":[],"_links":{"self":[{"href":"https:\/\/blogsaverroes.juntadeandalucia.es\/ceipcarmendeburgos\/wp-json\/wp\/v2\/posts\/2577"}],"collection":[{"href":"https:\/\/blogsaverroes.juntadeandalucia.es\/ceipcarmendeburgos\/wp-json\/wp\/v2\/posts"}],"about":[{"href":"https:\/\/blogsaverroes.juntadeandalucia.es\/ceipcarmendeburgos\/wp-json\/wp\/v2\/types\/post"}],"author":[{"embeddable":true,"href":"https:\/\/blogsaverroes.juntadeandalucia.es\/ceipcarmendeburgos\/wp-json\/wp\/v2\/users\/2239"}],"replies":[{"embeddable":true,"href":"https:\/\/blogsaverroes.juntadeandalucia.es\/ceipcarmendeburgos\/wp-json\/wp\/v2\/comments?post=2577"}],"version-history":[{"count":1,"href":"https:\/\/blogsaverroes.juntadeandalucia.es\/ceipcarmendeburgos\/wp-json\/wp\/v2\/posts\/2577\/revisions"}],"predecessor-version":[{"id":2578,"href":"https:\/\/blogsaverroes.juntadeandalucia.es\/ceipcarmendeburgos\/wp-json\/wp\/v2\/posts\/2577\/revisions\/2578"}],"wp:attachment":[{"href":"https:\/\/blogsaverroes.juntadeandalucia.es\/ceipcarmendeburgos\/wp-json\/wp\/v2\/media?parent=2577"}],"wp:term":[{"taxonomy":"category","embeddable":true,"href":"https:\/\/blogsaverroes.juntadeandalucia.es\/ceipcarmendeburgos\/wp-json\/wp\/v2\/categories?post=2577"},{"taxonomy":"post_tag","embeddable":true,"href":"https:\/\/blogsaverroes.juntadeandalucia.es\/ceipcarmendeburgos\/wp-json\/wp\/v2\/tags?post=2577"}],"curies":[{"name":"wp","href":"https:\/\/api.w.org\/{rel}","templated":true}]}}