{"id":2739,"date":"2016-06-23T06:41:01","date_gmt":"2016-06-23T06:41:01","guid":{"rendered":"http:\/\/blogsaverroes.juntadeandalucia.es\/ceipcarmendeburgos\/?p=2739"},"modified":"2016-06-23T06:47:31","modified_gmt":"2016-06-23T06:47:31","slug":"publicacion-lista-provisional-servicios-comedor-y-aula-matinal","status":"publish","type":"post","link":"https:\/\/blogsaverroes.juntadeandalucia.es\/ceipcarmendeburgos\/2016\/06\/23\/publicacion-lista-provisional-servicios-comedor-y-aula-matinal\/","title":{"rendered":"PUBLICACI\u00d3N LISTA PROVISIONAL SERVICIOS COMEDOR Y AULA MATINAL"},"content":{"rendered":"<p><strong><u>PUBLICACI\u00d3N \u00a0EN EL TABL\u00d3N DE ANUNCIOS DEL CENTRO DE LA LISTA PROVISIONAL DE ADMITIDOS Y SUPLENTES DE SERVICIOS COMPLEMENTARIOS CURSO 2016-17:<\/u><\/strong><\/p>\n<ul>\n<li><strong>AULA MATINAL<\/strong><\/li>\n<li><strong>COMEDOR<\/strong><\/li>\n<li><strong>ACTIVIDADES EXTRAESCOLARES<\/strong><\/li>\n<\/ul>\n<p>PLAZO DE ALEGACIONES: <strong>TRES D\u00cdAS H\u00c1BILES<\/strong><\/p>\n<p>PUBLICACI\u00d3N DE LA LISTA DEFINITIVA EN EL \u00a0TABL\u00d3N DE ANUNCIOS DEL CENTRO DE ADMITIDOS Y SUPLENTES<strong>:\u00a0 29 DE JUNIO<\/strong><\/p>\n","protected":false},"excerpt":{"rendered":"<p>PUBLICACI\u00d3N \u00a0EN EL TABL\u00d3N DE ANUNCIOS DEL CENTRO DE LA LISTA PROVISIONAL DE ADMITIDOS Y SUPLENTES DE SERVICIOS COMPLEMENTARIOS CURSO 2016-17: AULA MATINAL COMEDOR ACTIVIDADES EXTRAESCOLARES PLAZO DE ALEGACIONES: TRES D\u00cdAS H\u00c1BILES PUBLICACI\u00d3N DE&#46;&#46;&#46;<\/p>\n","protected":false},"author":2239,"featured_media":0,"comment_status":"closed","ping_status":"closed","sticky":false,"template":"","format":"standard","meta":{"ngg_post_thumbnail":0,"footnotes":""},"categories":[16],"tags":[],"aioseo_notices":[],"_links":{"self":[{"href":"https:\/\/blogsaverroes.juntadeandalucia.es\/ceipcarmendeburgos\/wp-json\/wp\/v2\/posts\/2739"}],"collection":[{"href":"https:\/\/blogsaverroes.juntadeandalucia.es\/ceipcarmendeburgos\/wp-json\/wp\/v2\/posts"}],"about":[{"href":"https:\/\/blogsaverroes.juntadeandalucia.es\/ceipcarmendeburgos\/wp-json\/wp\/v2\/types\/post"}],"author":[{"embeddable":true,"href":"https:\/\/blogsaverroes.juntadeandalucia.es\/ceipcarmendeburgos\/wp-json\/wp\/v2\/users\/2239"}],"replies":[{"embeddable":true,"href":"https:\/\/blogsaverroes.juntadeandalucia.es\/ceipcarmendeburgos\/wp-json\/wp\/v2\/comments?post=2739"}],"version-history":[{"count":5,"href":"https:\/\/blogsaverroes.juntadeandalucia.es\/ceipcarmendeburgos\/wp-json\/wp\/v2\/posts\/2739\/revisions"}],"predecessor-version":[{"id":2744,"href":"https:\/\/blogsaverroes.juntadeandalucia.es\/ceipcarmendeburgos\/wp-json\/wp\/v2\/posts\/2739\/revisions\/2744"}],"wp:attachment":[{"href":"https:\/\/blogsaverroes.juntadeandalucia.es\/ceipcarmendeburgos\/wp-json\/wp\/v2\/media?parent=2739"}],"wp:term":[{"taxonomy":"category","embeddable":true,"href":"https:\/\/blogsaverroes.juntadeandalucia.es\/ceipcarmendeburgos\/wp-json\/wp\/v2\/categories?post=2739"},{"taxonomy":"post_tag","embeddable":true,"href":"https:\/\/blogsaverroes.juntadeandalucia.es\/ceipcarmendeburgos\/wp-json\/wp\/v2\/tags?post=2739"}],"curies":[{"name":"wp","href":"https:\/\/api.w.org\/{rel}","templated":true}]}}