{"id":2928,"date":"2017-03-08T08:18:44","date_gmt":"2017-03-08T08:18:44","guid":{"rendered":"http:\/\/blogsaverroes.juntadeandalucia.es\/ceipcarmendeburgos\/?p=2928"},"modified":"2017-03-08T12:16:28","modified_gmt":"2017-03-08T12:16:28","slug":"reunion-delegadasas-madrespadres-de-clase","status":"publish","type":"post","link":"https:\/\/blogsaverroes.juntadeandalucia.es\/ceipcarmendeburgos\/2017\/03\/08\/reunion-delegadasas-madrespadres-de-clase\/","title":{"rendered":"REUNI\u00d3N DELEGADAS\/OS MADRES\/PADRES DE CLASE"},"content":{"rendered":"<p>Estimadas familias:<\/p>\n<p>&nbsp;&nbsp;&nbsp;&nbsp;&nbsp;&nbsp;&nbsp;&nbsp;&nbsp;&nbsp;&nbsp; Les informamos que el pr\u00f3ximo lunes, d\u00eda 13 de marzo, a las 16:30 horas, tendr\u00e1 lugar una reuni\u00f3n de delegadas\/os de madres\/padres de clase en el sal\u00f3n de actos del centro.<\/p>\n<p>La Direcci\u00f3n.<\/p>\n","protected":false},"excerpt":{"rendered":"<p>Estimadas familias: &nbsp;&nbsp;&nbsp;&nbsp;&nbsp;&nbsp;&nbsp;&nbsp;&nbsp;&nbsp;&nbsp; Les informamos que el pr\u00f3ximo lunes, d\u00eda 13 de marzo, a las 16:30 horas, tendr\u00e1 lugar una reuni\u00f3n de delegadas\/os de madres\/padres de clase en el sal\u00f3n de actos del centro.&#46;&#46;&#46;<\/p>\n","protected":false},"author":2239,"featured_media":0,"comment_status":"closed","ping_status":"closed","sticky":false,"template":"","format":"standard","meta":{"ngg_post_thumbnail":0,"footnotes":""},"categories":[366427],"tags":[],"aioseo_notices":[],"_links":{"self":[{"href":"https:\/\/blogsaverroes.juntadeandalucia.es\/ceipcarmendeburgos\/wp-json\/wp\/v2\/posts\/2928"}],"collection":[{"href":"https:\/\/blogsaverroes.juntadeandalucia.es\/ceipcarmendeburgos\/wp-json\/wp\/v2\/posts"}],"about":[{"href":"https:\/\/blogsaverroes.juntadeandalucia.es\/ceipcarmendeburgos\/wp-json\/wp\/v2\/types\/post"}],"author":[{"embeddable":true,"href":"https:\/\/blogsaverroes.juntadeandalucia.es\/ceipcarmendeburgos\/wp-json\/wp\/v2\/users\/2239"}],"replies":[{"embeddable":true,"href":"https:\/\/blogsaverroes.juntadeandalucia.es\/ceipcarmendeburgos\/wp-json\/wp\/v2\/comments?post=2928"}],"version-history":[{"count":4,"href":"https:\/\/blogsaverroes.juntadeandalucia.es\/ceipcarmendeburgos\/wp-json\/wp\/v2\/posts\/2928\/revisions"}],"predecessor-version":[{"id":2933,"href":"https:\/\/blogsaverroes.juntadeandalucia.es\/ceipcarmendeburgos\/wp-json\/wp\/v2\/posts\/2928\/revisions\/2933"}],"wp:attachment":[{"href":"https:\/\/blogsaverroes.juntadeandalucia.es\/ceipcarmendeburgos\/wp-json\/wp\/v2\/media?parent=2928"}],"wp:term":[{"taxonomy":"category","embeddable":true,"href":"https:\/\/blogsaverroes.juntadeandalucia.es\/ceipcarmendeburgos\/wp-json\/wp\/v2\/categories?post=2928"},{"taxonomy":"post_tag","embeddable":true,"href":"https:\/\/blogsaverroes.juntadeandalucia.es\/ceipcarmendeburgos\/wp-json\/wp\/v2\/tags?post=2928"}],"curies":[{"name":"wp","href":"https:\/\/api.w.org\/{rel}","templated":true}]}}