{"id":3153,"date":"2018-01-17T12:13:13","date_gmt":"2018-01-17T12:13:13","guid":{"rendered":"http:\/\/blogsaverroes.juntadeandalucia.es\/ceipcarmendeburgos\/?p=3153"},"modified":"2018-01-17T15:00:10","modified_gmt":"2018-01-17T15:00:10","slug":"programa-de-transito","status":"publish","type":"post","link":"https:\/\/blogsaverroes.juntadeandalucia.es\/ceipcarmendeburgos\/2018\/01\/17\/programa-de-transito\/","title":{"rendered":"PROGRAMA DE TR\u00c1NSITO"},"content":{"rendered":"<p>El programa de tr\u00e1nsito de Educaci\u00f3n Primaria a Secundaria, nos aporta instrumentos y estrategias que facilitan la coordinaci\u00f3n en el tr\u00e1nsito para una mejora en la calidad de la ense\u00f1anza.<\/p>\n<div style=\"text-align:center\">\n<div style=\"margin:8px 0px 4px\"><a href=\"http:\/\/www.calameo.com\/books\/00539406822535f87d425\" target=\"_blank\">Propuesta Programa De Tra\u0301nsito<\/a><\/div>\n<p><iframe loading=\"lazy\" src=\"\/\/v.calameo.com\/?bkcode=00539406822535f87d425&amp;mode=mini\" width=\"480\" height=\"300\" frameborder=\"0\" scrolling=\"no\"><\/iframe><\/p>\n<div style=\"margin:4px 0px 8px\"><a href=\"http:\/\/www.calameo.com\/\" target=\"_blank\">Leer m\u00e1s publicaciones en Calam\u00e9o<\/a><\/div>\n<\/div>\n","protected":false},"excerpt":{"rendered":"<p>El programa de tr\u00e1nsito de Educaci\u00f3n Primaria a Secundaria, nos aporta instrumentos y estrategias que facilitan la coordinaci\u00f3n en el tr\u00e1nsito para una mejora en la calidad de la ense\u00f1anza. Propuesta Programa De Tra\u0301nsito&#46;&#46;&#46;<\/p>\n","protected":false},"author":2239,"featured_media":0,"comment_status":"closed","ping_status":"closed","sticky":false,"template":"","format":"standard","meta":{"ngg_post_thumbnail":0,"footnotes":""},"categories":[16,366427],"tags":[],"aioseo_notices":[],"_links":{"self":[{"href":"https:\/\/blogsaverroes.juntadeandalucia.es\/ceipcarmendeburgos\/wp-json\/wp\/v2\/posts\/3153"}],"collection":[{"href":"https:\/\/blogsaverroes.juntadeandalucia.es\/ceipcarmendeburgos\/wp-json\/wp\/v2\/posts"}],"about":[{"href":"https:\/\/blogsaverroes.juntadeandalucia.es\/ceipcarmendeburgos\/wp-json\/wp\/v2\/types\/post"}],"author":[{"embeddable":true,"href":"https:\/\/blogsaverroes.juntadeandalucia.es\/ceipcarmendeburgos\/wp-json\/wp\/v2\/users\/2239"}],"replies":[{"embeddable":true,"href":"https:\/\/blogsaverroes.juntadeandalucia.es\/ceipcarmendeburgos\/wp-json\/wp\/v2\/comments?post=3153"}],"version-history":[{"count":3,"href":"https:\/\/blogsaverroes.juntadeandalucia.es\/ceipcarmendeburgos\/wp-json\/wp\/v2\/posts\/3153\/revisions"}],"predecessor-version":[{"id":3156,"href":"https:\/\/blogsaverroes.juntadeandalucia.es\/ceipcarmendeburgos\/wp-json\/wp\/v2\/posts\/3153\/revisions\/3156"}],"wp:attachment":[{"href":"https:\/\/blogsaverroes.juntadeandalucia.es\/ceipcarmendeburgos\/wp-json\/wp\/v2\/media?parent=3153"}],"wp:term":[{"taxonomy":"category","embeddable":true,"href":"https:\/\/blogsaverroes.juntadeandalucia.es\/ceipcarmendeburgos\/wp-json\/wp\/v2\/categories?post=3153"},{"taxonomy":"post_tag","embeddable":true,"href":"https:\/\/blogsaverroes.juntadeandalucia.es\/ceipcarmendeburgos\/wp-json\/wp\/v2\/tags?post=3153"}],"curies":[{"name":"wp","href":"https:\/\/api.w.org\/{rel}","templated":true}]}}