{"id":3214,"date":"2018-03-07T11:51:47","date_gmt":"2018-03-07T11:51:47","guid":{"rendered":"http:\/\/blogsaverroes.juntadeandalucia.es\/ceipcarmendeburgos\/?p=3214"},"modified":"2018-03-07T11:51:47","modified_gmt":"2018-03-07T11:51:47","slug":"comunicado-8","status":"publish","type":"post","link":"https:\/\/blogsaverroes.juntadeandalucia.es\/ceipcarmendeburgos\/2018\/03\/07\/comunicado-8\/","title":{"rendered":"COMUNICADO"},"content":{"rendered":"<p><strong>HUELGA 8 DE MARZO <\/strong><\/p>\n<p>Estimadas familias:<\/p>\n<p>El pr\u00f3ximo 8 de marzo, est\u00e1 convocada una huelga general a nivel internacional con el lema <strong>\u201cS\u00ed nosotras <em>paramos se para el mundo\u201d.<\/em><\/strong><\/p>\n<p>&nbsp;&nbsp;&nbsp;&nbsp; Los motivos son, entre otros, la mejora de las condiciones&nbsp; laborales de las mujeres, la desaparici\u00f3n de la discriminaci\u00f3n en el acceso al empleo para la mujer, la supresi\u00f3n de la brecha salarial, la lucha contra las situaciones de acoso laboral en el \u00e1mbito laboral y contra la violencia machista y la adopci\u00f3n de medidas adecuadas por la conciliaci\u00f3n de la vida personal y laboral.<\/p>\n<p>&nbsp;&nbsp;&nbsp; Teniendo en cuenta&nbsp; que la citada huelga puede afectar al personal docente, el centro garantiza seg\u00fan Resoluci\u00f3n de la Consejer\u00eda de Educaci\u00f3n, la apertura del mismo con los servicios m\u00ednimos para el alumnado que asista. Tambi\u00e9n dado que esta convocatoria pudiera afectar al normal funcionamiento de alguno de los servicios complementarios de los que dispone el centro (aula matinal, comedor escolar o actividades extraescolares) se garantizar\u00e1 su funcionamiento.<\/p>\n","protected":false},"excerpt":{"rendered":"<p>HUELGA 8 DE MARZO Estimadas familias: El pr\u00f3ximo 8 de marzo, est\u00e1 convocada una huelga general a nivel internacional con el lema \u201cS\u00ed nosotras paramos se para el mundo\u201d. &nbsp;&nbsp;&nbsp;&nbsp; Los motivos son, entre&#46;&#46;&#46;<\/p>\n","protected":false},"author":2239,"featured_media":0,"comment_status":"closed","ping_status":"closed","sticky":false,"template":"","format":"standard","meta":{"ngg_post_thumbnail":0,"footnotes":""},"categories":[16],"tags":[],"aioseo_notices":[],"_links":{"self":[{"href":"https:\/\/blogsaverroes.juntadeandalucia.es\/ceipcarmendeburgos\/wp-json\/wp\/v2\/posts\/3214"}],"collection":[{"href":"https:\/\/blogsaverroes.juntadeandalucia.es\/ceipcarmendeburgos\/wp-json\/wp\/v2\/posts"}],"about":[{"href":"https:\/\/blogsaverroes.juntadeandalucia.es\/ceipcarmendeburgos\/wp-json\/wp\/v2\/types\/post"}],"author":[{"embeddable":true,"href":"https:\/\/blogsaverroes.juntadeandalucia.es\/ceipcarmendeburgos\/wp-json\/wp\/v2\/users\/2239"}],"replies":[{"embeddable":true,"href":"https:\/\/blogsaverroes.juntadeandalucia.es\/ceipcarmendeburgos\/wp-json\/wp\/v2\/comments?post=3214"}],"version-history":[{"count":1,"href":"https:\/\/blogsaverroes.juntadeandalucia.es\/ceipcarmendeburgos\/wp-json\/wp\/v2\/posts\/3214\/revisions"}],"predecessor-version":[{"id":3215,"href":"https:\/\/blogsaverroes.juntadeandalucia.es\/ceipcarmendeburgos\/wp-json\/wp\/v2\/posts\/3214\/revisions\/3215"}],"wp:attachment":[{"href":"https:\/\/blogsaverroes.juntadeandalucia.es\/ceipcarmendeburgos\/wp-json\/wp\/v2\/media?parent=3214"}],"wp:term":[{"taxonomy":"category","embeddable":true,"href":"https:\/\/blogsaverroes.juntadeandalucia.es\/ceipcarmendeburgos\/wp-json\/wp\/v2\/categories?post=3214"},{"taxonomy":"post_tag","embeddable":true,"href":"https:\/\/blogsaverroes.juntadeandalucia.es\/ceipcarmendeburgos\/wp-json\/wp\/v2\/tags?post=3214"}],"curies":[{"name":"wp","href":"https:\/\/api.w.org\/{rel}","templated":true}]}}