{"id":3560,"date":"2020-03-14T14:13:47","date_gmt":"2020-03-14T14:13:47","guid":{"rendered":"https:\/\/blogsaverroes.juntadeandalucia.es\/ceipcarmendeburgos\/?p=3560"},"modified":"2020-03-14T14:39:27","modified_gmt":"2020-03-14T14:39:27","slug":"3560","status":"publish","type":"post","link":"https:\/\/blogsaverroes.juntadeandalucia.es\/ceipcarmendeburgos\/2020\/03\/14\/3560\/","title":{"rendered":"ADMISI\u00d3N ALUMNADO CURSO ESCOLAR 2020-2021"},"content":{"rendered":"<p>El estado de alarma decretado por el presidente del gobierno ampl\u00eda las medidas que establecen las instrucciones anteriores, de 13 de marzo, en relaci\u00f3n a la prevenci\u00f3n de la propagaci\u00f3n del covid-19.<\/p>\n<p>Por tanto, cualquier tramitaci\u00f3n burocr\u00e1tica, como la solicitud de reserva de plaza escolar para el curso 2020\/21, la deber\u00e1n realizar telem\u00e1ticamente.<\/p>\n<p><a href=\"https:\/\/www.juntadeandalucia.es\/educacion\/secretariavirtual\/accesoTramite\/439\/\"><img loading=\"lazy\" decoding=\"async\" class=\"alignnone size-full wp-image-3564\" src=\"https:\/\/blogsaverroes.juntadeandalucia.es\/ceipcarmendeburgos\/files\/2020\/03\/SECRETARIA.jpg\" alt=\"\" width=\"705\" height=\"170\" srcset=\"https:\/\/blogsaverroes.juntadeandalucia.es\/ceipcarmendeburgos\/files\/2020\/03\/SECRETARIA.jpg 705w, https:\/\/blogsaverroes.juntadeandalucia.es\/ceipcarmendeburgos\/files\/2020\/03\/SECRETARIA-300x72.jpg 300w, https:\/\/blogsaverroes.juntadeandalucia.es\/ceipcarmendeburgos\/files\/2020\/03\/SECRETARIA-24x6.jpg 24w, https:\/\/blogsaverroes.juntadeandalucia.es\/ceipcarmendeburgos\/files\/2020\/03\/SECRETARIA-36x9.jpg 36w, https:\/\/blogsaverroes.juntadeandalucia.es\/ceipcarmendeburgos\/files\/2020\/03\/SECRETARIA-48x12.jpg 48w\" sizes=\"(max-width: 705px) 100vw, 705px\" \/><\/a><\/p>\n<p>Seguiremos informando de las novedades que surjan.<\/p>\n<p>Mientras tanto, les rogamos sigan rigurosamente las medidas que aconsejan las autoridades pertinentes.<\/p>\n","protected":false},"excerpt":{"rendered":"<p>El estado de alarma decretado por el presidente del gobierno ampl\u00eda las medidas que establecen las instrucciones anteriores, de 13 de marzo, en relaci\u00f3n a la prevenci\u00f3n de la propagaci\u00f3n del covid-19. Por tanto,&#46;&#46;&#46;<\/p>\n","protected":false},"author":2239,"featured_media":0,"comment_status":"closed","ping_status":"closed","sticky":false,"template":"","format":"standard","meta":{"ngg_post_thumbnail":0,"footnotes":""},"categories":[526,366427],"tags":[],"aioseo_notices":[],"_links":{"self":[{"href":"https:\/\/blogsaverroes.juntadeandalucia.es\/ceipcarmendeburgos\/wp-json\/wp\/v2\/posts\/3560"}],"collection":[{"href":"https:\/\/blogsaverroes.juntadeandalucia.es\/ceipcarmendeburgos\/wp-json\/wp\/v2\/posts"}],"about":[{"href":"https:\/\/blogsaverroes.juntadeandalucia.es\/ceipcarmendeburgos\/wp-json\/wp\/v2\/types\/post"}],"author":[{"embeddable":true,"href":"https:\/\/blogsaverroes.juntadeandalucia.es\/ceipcarmendeburgos\/wp-json\/wp\/v2\/users\/2239"}],"replies":[{"embeddable":true,"href":"https:\/\/blogsaverroes.juntadeandalucia.es\/ceipcarmendeburgos\/wp-json\/wp\/v2\/comments?post=3560"}],"version-history":[{"count":6,"href":"https:\/\/blogsaverroes.juntadeandalucia.es\/ceipcarmendeburgos\/wp-json\/wp\/v2\/posts\/3560\/revisions"}],"predecessor-version":[{"id":3570,"href":"https:\/\/blogsaverroes.juntadeandalucia.es\/ceipcarmendeburgos\/wp-json\/wp\/v2\/posts\/3560\/revisions\/3570"}],"wp:attachment":[{"href":"https:\/\/blogsaverroes.juntadeandalucia.es\/ceipcarmendeburgos\/wp-json\/wp\/v2\/media?parent=3560"}],"wp:term":[{"taxonomy":"category","embeddable":true,"href":"https:\/\/blogsaverroes.juntadeandalucia.es\/ceipcarmendeburgos\/wp-json\/wp\/v2\/categories?post=3560"},{"taxonomy":"post_tag","embeddable":true,"href":"https:\/\/blogsaverroes.juntadeandalucia.es\/ceipcarmendeburgos\/wp-json\/wp\/v2\/tags?post=3560"}],"curies":[{"name":"wp","href":"https:\/\/api.w.org\/{rel}","templated":true}]}}