{"id":2193,"date":"2019-03-05T15:59:03","date_gmt":"2019-03-05T15:59:03","guid":{"rendered":"https:\/\/blogsaverroes.juntadeandalucia.es\/ceipcarmenmartingaite\/?p=2193"},"modified":"2019-03-05T16:00:25","modified_gmt":"2019-03-05T16:00:25","slug":"el-agua-que-nos-rodea","status":"publish","type":"post","link":"https:\/\/blogsaverroes.juntadeandalucia.es\/ceipcarmenmartingaite\/el-agua-que-nos-rodea\/","title":{"rendered":"El agua que nos rodea"},"content":{"rendered":"<p>En este entrada vamos a plantear una peque\u00f1a actividad de clase que la dividiremos principalmente en 2 fases. En la primera vamos a ver un v\u00eddeo sobre el agua y c\u00f3mo debemos cuidarla. Luego plantearemos una serie de preguntas que ser\u00e1n respondidas en grupo, las cuales nos ayudar\u00e1n a realizar unos murales en clase sobre las principales ideas que hemos aprendido.<\/p>\n<p><a href=\"https:\/\/www.youtube.com\/watch?v=S_SaCPa1Zkg\">El agua v\u00eddeo<\/a>&nbsp;Todos los derechos pertenecientes a Happy Learning contenido CC<\/p>\n<p>\u00bfPorqu\u00e9 es necesaria el agua para los seres vivos?<\/p>\n<p>\u00bfCu\u00e1ntas partes de la tierra son agua?<\/p>\n<p>\u00bfQu\u00e9 nombre recibe la tierra? \u00bfPorqu\u00e9?<\/p>\n<p>\u00bfCu\u00e1l es el principal problema que tiene el agua de la tierra?<\/p>\n<p>&nbsp;<\/p>\n<p>Plantea con tus compa\u00f1eros un mural\/anuncio\/campa\u00f1a publicitaria que ayude a usar de manera adecuada los recursos naturales como el agua.&nbsp;<\/p>\n","protected":false},"excerpt":{"rendered":"<p>En este entrada vamos a plantear una peque\u00f1a actividad de clase que la dividiremos principalmente en 2 fases. En la primera vamos a ver un v\u00eddeo sobre el agua y c\u00f3mo debemos cuidarla. Luego plantearemos una serie de preguntas que ser\u00e1n respondidas en grupo, las cuales nos ayudar\u00e1n a realizar unos murales en clase sobre [&hellip;]<\/p>\n","protected":false},"author":6943,"featured_media":558,"comment_status":"open","ping_status":"open","sticky":false,"template":"","format":"standard","meta":{"ngg_post_thumbnail":0,"footnotes":""},"categories":[11909],"tags":[],"aioseo_notices":[],"_links":{"self":[{"href":"https:\/\/blogsaverroes.juntadeandalucia.es\/ceipcarmenmartingaite\/wp-json\/wp\/v2\/posts\/2193"}],"collection":[{"href":"https:\/\/blogsaverroes.juntadeandalucia.es\/ceipcarmenmartingaite\/wp-json\/wp\/v2\/posts"}],"about":[{"href":"https:\/\/blogsaverroes.juntadeandalucia.es\/ceipcarmenmartingaite\/wp-json\/wp\/v2\/types\/post"}],"author":[{"embeddable":true,"href":"https:\/\/blogsaverroes.juntadeandalucia.es\/ceipcarmenmartingaite\/wp-json\/wp\/v2\/users\/6943"}],"replies":[{"embeddable":true,"href":"https:\/\/blogsaverroes.juntadeandalucia.es\/ceipcarmenmartingaite\/wp-json\/wp\/v2\/comments?post=2193"}],"version-history":[{"count":1,"href":"https:\/\/blogsaverroes.juntadeandalucia.es\/ceipcarmenmartingaite\/wp-json\/wp\/v2\/posts\/2193\/revisions"}],"predecessor-version":[{"id":2194,"href":"https:\/\/blogsaverroes.juntadeandalucia.es\/ceipcarmenmartingaite\/wp-json\/wp\/v2\/posts\/2193\/revisions\/2194"}],"wp:featuredmedia":[{"embeddable":true,"href":"https:\/\/blogsaverroes.juntadeandalucia.es\/ceipcarmenmartingaite\/wp-json\/wp\/v2\/media\/558"}],"wp:attachment":[{"href":"https:\/\/blogsaverroes.juntadeandalucia.es\/ceipcarmenmartingaite\/wp-json\/wp\/v2\/media?parent=2193"}],"wp:term":[{"taxonomy":"category","embeddable":true,"href":"https:\/\/blogsaverroes.juntadeandalucia.es\/ceipcarmenmartingaite\/wp-json\/wp\/v2\/categories?post=2193"},{"taxonomy":"post_tag","embeddable":true,"href":"https:\/\/blogsaverroes.juntadeandalucia.es\/ceipcarmenmartingaite\/wp-json\/wp\/v2\/tags?post=2193"}],"curies":[{"name":"wp","href":"https:\/\/api.w.org\/{rel}","templated":true}]}}