{"id":2326,"date":"2020-03-06T10:22:55","date_gmt":"2020-03-06T10:22:55","guid":{"rendered":"https:\/\/blogsaverroes.juntadeandalucia.es\/ceipcarmenmartingaite\/?p=2326"},"modified":"2020-03-06T10:22:55","modified_gmt":"2020-03-06T10:22:55","slug":"red-andaluza-contra-el-cambio-climatico","status":"publish","type":"post","link":"https:\/\/blogsaverroes.juntadeandalucia.es\/ceipcarmenmartingaite\/red-andaluza-contra-el-cambio-climatico\/","title":{"rendered":"Red Andaluza Contra El Cambio Clim\u00e1tico"},"content":{"rendered":"<p>Desde este mes de marzo, nuestro centro educativo se ha adherido a la <strong>RED ANDALUZA CONTRA EL CAMBIO CLIM\u00c1TICO.<\/strong> Es un proyecto promovido por<strong>&nbsp;HIDRALIA<\/strong>&nbsp;y gestionado por la&nbsp;<em>C\u00e1tedra Hidralia + UGR<\/em>, consistente en la creaci\u00f3n de un espacio abierto y participativo dirigido a fomentar la conciencia social de un problema cada vez m\u00e1s importante como es el&nbsp;<strong>Cambio Clim\u00e1tico.<\/strong><\/p>\n<p>Nuestro alumnado trabajar\u00e1 a trav\u00e9s de charlas,talleres, exposiciones, diferentes aspectos para concienciar y sensibilizar todos los problemas relacionados con el cambio clim\u00e1tico.<\/p>\n<p>Para m\u00e1s informaci\u00f3n, puede acceder a la web oficial desde este link.&nbsp;<a href=\"https:\/\/redac.es\/compromiso\/\">REDAC<\/a><\/p>\n","protected":false},"excerpt":{"rendered":"<p>Desde este mes de marzo, nuestro centro educativo se ha adherido a la RED ANDALUZA CONTRA EL CAMBIO CLIM\u00c1TICO. Es un proyecto promovido por&nbsp;HIDRALIA&nbsp;y gestionado por la&nbsp;C\u00e1tedra Hidralia + UGR, consistente en la creaci\u00f3n de un espacio abierto y participativo dirigido a fomentar la conciencia social de un problema cada vez m\u00e1s importante como es [&hellip;]<\/p>\n","protected":false},"author":6943,"featured_media":2327,"comment_status":"open","ping_status":"open","sticky":false,"template":"","format":"standard","meta":{"ngg_post_thumbnail":0,"footnotes":""},"categories":[11909],"tags":[],"aioseo_notices":[],"_links":{"self":[{"href":"https:\/\/blogsaverroes.juntadeandalucia.es\/ceipcarmenmartingaite\/wp-json\/wp\/v2\/posts\/2326"}],"collection":[{"href":"https:\/\/blogsaverroes.juntadeandalucia.es\/ceipcarmenmartingaite\/wp-json\/wp\/v2\/posts"}],"about":[{"href":"https:\/\/blogsaverroes.juntadeandalucia.es\/ceipcarmenmartingaite\/wp-json\/wp\/v2\/types\/post"}],"author":[{"embeddable":true,"href":"https:\/\/blogsaverroes.juntadeandalucia.es\/ceipcarmenmartingaite\/wp-json\/wp\/v2\/users\/6943"}],"replies":[{"embeddable":true,"href":"https:\/\/blogsaverroes.juntadeandalucia.es\/ceipcarmenmartingaite\/wp-json\/wp\/v2\/comments?post=2326"}],"version-history":[{"count":1,"href":"https:\/\/blogsaverroes.juntadeandalucia.es\/ceipcarmenmartingaite\/wp-json\/wp\/v2\/posts\/2326\/revisions"}],"predecessor-version":[{"id":2328,"href":"https:\/\/blogsaverroes.juntadeandalucia.es\/ceipcarmenmartingaite\/wp-json\/wp\/v2\/posts\/2326\/revisions\/2328"}],"wp:featuredmedia":[{"embeddable":true,"href":"https:\/\/blogsaverroes.juntadeandalucia.es\/ceipcarmenmartingaite\/wp-json\/wp\/v2\/media\/2327"}],"wp:attachment":[{"href":"https:\/\/blogsaverroes.juntadeandalucia.es\/ceipcarmenmartingaite\/wp-json\/wp\/v2\/media?parent=2326"}],"wp:term":[{"taxonomy":"category","embeddable":true,"href":"https:\/\/blogsaverroes.juntadeandalucia.es\/ceipcarmenmartingaite\/wp-json\/wp\/v2\/categories?post=2326"},{"taxonomy":"post_tag","embeddable":true,"href":"https:\/\/blogsaverroes.juntadeandalucia.es\/ceipcarmenmartingaite\/wp-json\/wp\/v2\/tags?post=2326"}],"curies":[{"name":"wp","href":"https:\/\/api.w.org\/{rel}","templated":true}]}}