{"id":2458,"date":"2022-01-17T11:52:13","date_gmt":"2022-01-17T11:52:13","guid":{"rendered":"https:\/\/blogsaverroes.juntadeandalucia.es\/ceipcarmenmartingaite\/?p=2458"},"modified":"2022-03-22T18:28:50","modified_gmt":"2022-03-22T18:28:50","slug":"protocolo-covid-19","status":"publish","type":"post","link":"https:\/\/blogsaverroes.juntadeandalucia.es\/ceipcarmenmartingaite\/protocolo-covid-19\/","title":{"rendered":"Protocolo COVID-19"},"content":{"rendered":"<p>En el siguiente enlace pueden consultar el protocolo de actuaci\u00f3n ante casos de sospecha o confirmados de COVID-19 actualizado con fecha de 13 de enero de 2022.<\/p>\n<p><a href=\"https:\/\/blogsaverroes.juntadeandalucia.es\/ceipcarmenmartingaite\/files\/2022\/01\/20220113_PROTOCOLO_ACT_CASOS-EN-CENTRO-DOCENTES-NO-UNIVERSITARIOS_13-ENERO-1.pdf\">20220113_PROTOCOLO_ACT_CASOS EN CENTRO DOCENTES NO UNIVERSITARIOS_13 ENERO (1)<\/a><\/p>\n<p>&nbsp;<\/p>\n<p>En el siguiente enlace pueden consultar las INSTRUCCIONES DE 10 DE FEBRERO DE 2022, DE LA VICECONSEJER\u00cdA DE EDUCACI\u00d3N Y DEPORTE, POR LAS QUE SE MODIFICAN LAS INSTRUCCIONES DE 13 DE JULIO DE 2021 RELATIVAS A LA ORGANIZACI\u00d3N DE LOS CENTROS DOCENTES Y A LA FLEXIBILIZACI\u00d3N CURRICULAR PARA EL CURSO ESCOLAR 2021\/22<\/p>\n<p><a href=\"https:\/\/blogsaverroes.juntadeandalucia.es\/ceipcarmenmartingaite\/files\/2022\/01\/220210modif_org_-y_flexibilizaci\u00f3n-curricular-2021F.pdf\">220210modif_org_ y_flexibilizaci\u00f3n curricular 2021(F)<\/a><\/p>\n","protected":false},"excerpt":{"rendered":"<p>En el siguiente enlace pueden consultar el protocolo de actuaci\u00f3n ante casos de sospecha o confirmados de COVID-19 actualizado con fecha de 13 de enero de 2022. 20220113_PROTOCOLO_ACT_CASOS EN CENTRO DOCENTES NO UNIVERSITARIOS_13 ENERO (1) &nbsp; En el siguiente enlace pueden consultar las INSTRUCCIONES DE 10 DE FEBRERO DE 2022, DE LA VICECONSEJER\u00cdA DE EDUCACI\u00d3N [&hellip;]<\/p>\n","protected":false},"author":6943,"featured_media":2481,"comment_status":"open","ping_status":"open","sticky":false,"template":"","format":"standard","meta":{"ngg_post_thumbnail":0,"footnotes":""},"categories":[11909],"tags":[],"aioseo_notices":[],"_links":{"self":[{"href":"https:\/\/blogsaverroes.juntadeandalucia.es\/ceipcarmenmartingaite\/wp-json\/wp\/v2\/posts\/2458"}],"collection":[{"href":"https:\/\/blogsaverroes.juntadeandalucia.es\/ceipcarmenmartingaite\/wp-json\/wp\/v2\/posts"}],"about":[{"href":"https:\/\/blogsaverroes.juntadeandalucia.es\/ceipcarmenmartingaite\/wp-json\/wp\/v2\/types\/post"}],"author":[{"embeddable":true,"href":"https:\/\/blogsaverroes.juntadeandalucia.es\/ceipcarmenmartingaite\/wp-json\/wp\/v2\/users\/6943"}],"replies":[{"embeddable":true,"href":"https:\/\/blogsaverroes.juntadeandalucia.es\/ceipcarmenmartingaite\/wp-json\/wp\/v2\/comments?post=2458"}],"version-history":[{"count":4,"href":"https:\/\/blogsaverroes.juntadeandalucia.es\/ceipcarmenmartingaite\/wp-json\/wp\/v2\/posts\/2458\/revisions"}],"predecessor-version":[{"id":2467,"href":"https:\/\/blogsaverroes.juntadeandalucia.es\/ceipcarmenmartingaite\/wp-json\/wp\/v2\/posts\/2458\/revisions\/2467"}],"wp:featuredmedia":[{"embeddable":true,"href":"https:\/\/blogsaverroes.juntadeandalucia.es\/ceipcarmenmartingaite\/wp-json\/wp\/v2\/media\/2481"}],"wp:attachment":[{"href":"https:\/\/blogsaverroes.juntadeandalucia.es\/ceipcarmenmartingaite\/wp-json\/wp\/v2\/media?parent=2458"}],"wp:term":[{"taxonomy":"category","embeddable":true,"href":"https:\/\/blogsaverroes.juntadeandalucia.es\/ceipcarmenmartingaite\/wp-json\/wp\/v2\/categories?post=2458"},{"taxonomy":"post_tag","embeddable":true,"href":"https:\/\/blogsaverroes.juntadeandalucia.es\/ceipcarmenmartingaite\/wp-json\/wp\/v2\/tags?post=2458"}],"curies":[{"name":"wp","href":"https:\/\/api.w.org\/{rel}","templated":true}]}}