{"id":2620,"date":"2023-03-08T08:51:30","date_gmt":"2023-03-08T08:51:30","guid":{"rendered":"https:\/\/blogsaverroes.juntadeandalucia.es\/ceipcarmenmartingaite\/?p=2620"},"modified":"2023-03-08T08:54:09","modified_gmt":"2023-03-08T08:54:09","slug":"huertos-escolares","status":"publish","type":"post","link":"https:\/\/blogsaverroes.juntadeandalucia.es\/ceipcarmenmartingaite\/huertos-escolares\/","title":{"rendered":"Huertos Escolares"},"content":{"rendered":"<p>Este curso 2022\/2023 volvemos a participar en la campa\u00f1a del Ayuntamiento de Rinc\u00f3n de la Victoria para el uso y promoci\u00f3n de los huertos escolares desarrollada por la Asociaci\u00f3n Montes de Rinc\u00f3n, representada en la figura de Juan Carlos, al que agradecemos su inter\u00e9s y conocimientos.<\/p>\n<p>Gracias ello nuestro alumnado podr\u00e1 aprender m\u00e1s sobre nuestro huerto con talleres sobre la germinaci\u00f3n, los microorganismos, el ecosistema de monte mediterr\u00e1neo o los ecosistemas de arroyo y litoral.<\/p>\n<p><img loading=\"lazy\" decoding=\"async\" class=\"alignnone size-medium wp-image-2621 aligncenter\" src=\"https:\/\/blogsaverroes.juntadeandalucia.es\/ceipcarmenmartingaite\/files\/2023\/03\/huerto-cmg-300x185.jpeg\" alt=\"\" width=\"300\" height=\"185\" srcset=\"https:\/\/blogsaverroes.juntadeandalucia.es\/ceipcarmenmartingaite\/files\/2023\/03\/huerto-cmg-300x185.jpeg 300w, https:\/\/blogsaverroes.juntadeandalucia.es\/ceipcarmenmartingaite\/files\/2023\/03\/huerto-cmg.jpeg 624w\" sizes=\"(max-width: 300px) 100vw, 300px\" \/><\/p>\n","protected":false},"excerpt":{"rendered":"<p>Este curso 2022\/2023 volvemos a participar en la campa\u00f1a del Ayuntamiento de Rinc\u00f3n de la Victoria para el uso y promoci\u00f3n de los huertos escolares desarrollada por la Asociaci\u00f3n Montes de Rinc\u00f3n, representada en la figura de Juan Carlos, al que agradecemos su inter\u00e9s y conocimientos. Gracias ello nuestro alumnado podr\u00e1 aprender m\u00e1s sobre nuestro [&hellip;]<\/p>\n","protected":false},"author":6943,"featured_media":2622,"comment_status":"open","ping_status":"open","sticky":false,"template":"","format":"standard","meta":{"ngg_post_thumbnail":0,"footnotes":""},"categories":[11909],"tags":[],"aioseo_notices":[],"_links":{"self":[{"href":"https:\/\/blogsaverroes.juntadeandalucia.es\/ceipcarmenmartingaite\/wp-json\/wp\/v2\/posts\/2620"}],"collection":[{"href":"https:\/\/blogsaverroes.juntadeandalucia.es\/ceipcarmenmartingaite\/wp-json\/wp\/v2\/posts"}],"about":[{"href":"https:\/\/blogsaverroes.juntadeandalucia.es\/ceipcarmenmartingaite\/wp-json\/wp\/v2\/types\/post"}],"author":[{"embeddable":true,"href":"https:\/\/blogsaverroes.juntadeandalucia.es\/ceipcarmenmartingaite\/wp-json\/wp\/v2\/users\/6943"}],"replies":[{"embeddable":true,"href":"https:\/\/blogsaverroes.juntadeandalucia.es\/ceipcarmenmartingaite\/wp-json\/wp\/v2\/comments?post=2620"}],"version-history":[{"count":2,"href":"https:\/\/blogsaverroes.juntadeandalucia.es\/ceipcarmenmartingaite\/wp-json\/wp\/v2\/posts\/2620\/revisions"}],"predecessor-version":[{"id":2624,"href":"https:\/\/blogsaverroes.juntadeandalucia.es\/ceipcarmenmartingaite\/wp-json\/wp\/v2\/posts\/2620\/revisions\/2624"}],"wp:featuredmedia":[{"embeddable":true,"href":"https:\/\/blogsaverroes.juntadeandalucia.es\/ceipcarmenmartingaite\/wp-json\/wp\/v2\/media\/2622"}],"wp:attachment":[{"href":"https:\/\/blogsaverroes.juntadeandalucia.es\/ceipcarmenmartingaite\/wp-json\/wp\/v2\/media?parent=2620"}],"wp:term":[{"taxonomy":"category","embeddable":true,"href":"https:\/\/blogsaverroes.juntadeandalucia.es\/ceipcarmenmartingaite\/wp-json\/wp\/v2\/categories?post=2620"},{"taxonomy":"post_tag","embeddable":true,"href":"https:\/\/blogsaverroes.juntadeandalucia.es\/ceipcarmenmartingaite\/wp-json\/wp\/v2\/tags?post=2620"}],"curies":[{"name":"wp","href":"https:\/\/api.w.org\/{rel}","templated":true}]}}