{"id":2638,"date":"2023-04-25T10:37:34","date_gmt":"2023-04-25T10:37:34","guid":{"rendered":"https:\/\/blogsaverroes.juntadeandalucia.es\/ceipcarmenmartingaite\/?p=2638"},"modified":"2023-04-25T10:45:41","modified_gmt":"2023-04-25T10:45:41","slug":"semana-cultural-2023","status":"publish","type":"post","link":"https:\/\/blogsaverroes.juntadeandalucia.es\/ceipcarmenmartingaite\/semana-cultural-2023\/","title":{"rendered":"Semana Cultural 2023"},"content":{"rendered":"<p>A lo largo de la semana del 24 al 28 de abril estamos celebrando en nuestro centro nuestra ya tradicional Semana Cultural, que suele realizarse en torno a la conmemoraci\u00f3n del D\u00eda del Libro.<\/p>\n<p>En esta ocasi\u00f3n, las actividades y talleres, que se realizan en la segunda parte de la ma\u00f1ana, giran en torno al hilo conductor elegido para organizar las actividades y celebraciones en nuestro centro durante el presente curso escolar: los cuatro elementos naturales.<\/p>\n<p>De esta forma, nuestro alumnado aprender\u00e1 y se divertir\u00e1, a partes iguales, realizando proyectos relacionados con el fuego, el aire, el agua y el viento.<\/p>\n<p>&nbsp;<\/p>\n","protected":false},"excerpt":{"rendered":"<p>A lo largo de la semana del 24 al 28 de abril estamos celebrando en nuestro centro nuestra ya tradicional Semana Cultural, que suele realizarse en torno a la conmemoraci\u00f3n del D\u00eda del Libro. En esta ocasi\u00f3n, las actividades y talleres, que se realizan en la segunda parte de la ma\u00f1ana, giran en torno al [&hellip;]<\/p>\n","protected":false},"author":6943,"featured_media":2641,"comment_status":"open","ping_status":"open","sticky":false,"template":"","format":"standard","meta":{"ngg_post_thumbnail":0,"footnotes":""},"categories":[11909],"tags":[],"aioseo_notices":[],"_links":{"self":[{"href":"https:\/\/blogsaverroes.juntadeandalucia.es\/ceipcarmenmartingaite\/wp-json\/wp\/v2\/posts\/2638"}],"collection":[{"href":"https:\/\/blogsaverroes.juntadeandalucia.es\/ceipcarmenmartingaite\/wp-json\/wp\/v2\/posts"}],"about":[{"href":"https:\/\/blogsaverroes.juntadeandalucia.es\/ceipcarmenmartingaite\/wp-json\/wp\/v2\/types\/post"}],"author":[{"embeddable":true,"href":"https:\/\/blogsaverroes.juntadeandalucia.es\/ceipcarmenmartingaite\/wp-json\/wp\/v2\/users\/6943"}],"replies":[{"embeddable":true,"href":"https:\/\/blogsaverroes.juntadeandalucia.es\/ceipcarmenmartingaite\/wp-json\/wp\/v2\/comments?post=2638"}],"version-history":[{"count":1,"href":"https:\/\/blogsaverroes.juntadeandalucia.es\/ceipcarmenmartingaite\/wp-json\/wp\/v2\/posts\/2638\/revisions"}],"predecessor-version":[{"id":2640,"href":"https:\/\/blogsaverroes.juntadeandalucia.es\/ceipcarmenmartingaite\/wp-json\/wp\/v2\/posts\/2638\/revisions\/2640"}],"wp:featuredmedia":[{"embeddable":true,"href":"https:\/\/blogsaverroes.juntadeandalucia.es\/ceipcarmenmartingaite\/wp-json\/wp\/v2\/media\/2641"}],"wp:attachment":[{"href":"https:\/\/blogsaverroes.juntadeandalucia.es\/ceipcarmenmartingaite\/wp-json\/wp\/v2\/media?parent=2638"}],"wp:term":[{"taxonomy":"category","embeddable":true,"href":"https:\/\/blogsaverroes.juntadeandalucia.es\/ceipcarmenmartingaite\/wp-json\/wp\/v2\/categories?post=2638"},{"taxonomy":"post_tag","embeddable":true,"href":"https:\/\/blogsaverroes.juntadeandalucia.es\/ceipcarmenmartingaite\/wp-json\/wp\/v2\/tags?post=2638"}],"curies":[{"name":"wp","href":"https:\/\/api.w.org\/{rel}","templated":true}]}}