{"id":2738,"date":"2025-06-02T11:40:10","date_gmt":"2025-06-02T11:40:10","guid":{"rendered":"https:\/\/blogsaverroes.juntadeandalucia.es\/ceipcarmenmartingaite\/?p=2738"},"modified":"2025-06-02T11:53:38","modified_gmt":"2025-06-02T11:53:38","slug":"matricula-2025-26","status":"publish","type":"post","link":"https:\/\/blogsaverroes.juntadeandalucia.es\/ceipcarmenmartingaite\/matricula-2025-26\/","title":{"rendered":"Matr\u00edcula 2025-26"},"content":{"rendered":"<div class=\"CjVfdc\"><strong>Del 1 al 09 de junio<\/strong> tanto para el alumnado de nueva incorporaci\u00f3n al centro como para el alumnado que ya est\u00e1 en el CEIP Carmen Mart\u00edn Gaite en el presente curso escolar.<\/div>\n<div>&nbsp;<\/div>\n<div>\n<section id=\"h.42ef74f4684d52ad_20\" class=\"yaqOZd lQAHbd\">\n<div class=\"mYVXT\">\n<div class=\"LS81yb VICjCf\">\n<div class=\"hJDwNd-AhqUyc-c5RTEf purZT-AhqUyc-II5mzb pSzOP-AhqUyc-qWD73c JNdkSc\">\n<div class=\"JNdkSc-SmKAyb\">\n<div class=\"\">\n<div class=\"oKdM2c Kzv0Me\">\n<div id=\"h.42ef74f4684d52ad_23\" class=\"hJDwNd-AhqUyc-c5RTEf purZT-AhqUyc-II5mzb pSzOP-AhqUyc-qWD73c jXK9ad D2fZ2 OjCsFc wHaque GNzUNc\">\n<div class=\"jXK9ad-SmKAyb\">\n<div class=\"tyJCtd mGzaTb baZpAe\">\n<div class=\"CjVfdc\"><strong>PRESENTACI\u00d3N<\/strong><\/div>\n<\/div>\n<\/div>\n<\/div>\n<\/div>\n<\/div>\n<\/div>\n<\/div>\n<div class=\"hJDwNd-AhqUyc-Clt0zb JNdkSc L6cTce-purZT L6cTce-pSzOP\">\n<div class=\"JNdkSc-SmKAyb\">\n<div class=\"\">En la&nbsp;<strong>Secretar\u00eda Virtual de los Centros Educativos<\/strong>. Puede acceder haciendo clic en la imagen, pero solo dentro de las fechas indicadas arriba, antes no estar\u00e1 activo.<\/div>\n<\/div>\n<div><a href=\"https:\/\/www.juntadeandalucia.es\/educacion\/secretariavirtual\/\"><img loading=\"lazy\" decoding=\"async\" class=\"alignnone size-medium wp-image-2739\" src=\"https:\/\/blogsaverroes.juntadeandalucia.es\/ceipcarmenmartingaite\/files\/2025\/06\/logo-secretaria-virtual-2-1024x311-1-300x91.png\" alt=\"\" width=\"300\" height=\"91\" srcset=\"https:\/\/blogsaverroes.juntadeandalucia.es\/ceipcarmenmartingaite\/files\/2025\/06\/logo-secretaria-virtual-2-1024x311-1-300x91.png 300w, https:\/\/blogsaverroes.juntadeandalucia.es\/ceipcarmenmartingaite\/files\/2025\/06\/logo-secretaria-virtual-2-1024x311-1-768x233.png 768w, https:\/\/blogsaverroes.juntadeandalucia.es\/ceipcarmenmartingaite\/files\/2025\/06\/logo-secretaria-virtual-2-1024x311-1.png 1024w\" sizes=\"(max-width: 300px) 100vw, 300px\" \/><\/a><\/div>\n<div>\n<section id=\"h.42ef74f4684d52ad_35\" class=\"yaqOZd lQAHbd\">\n<div class=\"mYVXT\">\n<div class=\"LS81yb VICjCf\">\n<div class=\"hJDwNd-AhqUyc-wNfPc purZT-AhqUyc-II5mzb pSzOP-AhqUyc-qWD73c JNdkSc\">\n<div class=\"JNdkSc-SmKAyb\">\n<div class=\"\">\n<div class=\"oKdM2c Kzv0Me\">\n<div id=\"h.42ef74f4684d52ad_38\" class=\"hJDwNd-AhqUyc-wNfPc pSzOP-AhqUyc-qWD73c jXK9ad D2fZ2 OjCsFc wHaque GNzUNc\">\n<div class=\"jXK9ad-SmKAyb\">\n<div class=\"tyJCtd mGzaTb baZpAe\">\n<div class=\"CjVfdc\"><strong>PARA ACCEDER, NECESITAS<\/strong><\/div>\n<\/div>\n<\/div>\n<\/div>\n<\/div>\n<\/div>\n<\/div>\n<\/div>\n<div class=\"hJDwNd-AhqUyc-OwsYgb JNdkSc L6cTce-purZT L6cTce-pSzOP\">\n<div class=\"JNdkSc-SmKAyb\">\n<div class=\"\">&nbsp;<\/div>\n<\/div>\n<\/div>\n<\/div>\n<\/div>\n<\/section>\n<section id=\"h.42ef74f4684d52ad_46\" class=\"yaqOZd\">\n<div class=\"mYVXT\">\n<div class=\"LS81yb VICjCf\">\n<div class=\"hJDwNd-AhqUyc-Clt0zb purZT-AhqUyc-II5mzb pSzOP-AhqUyc-qWD73c JNdkSc\">\n<div class=\"JNdkSc-SmKAyb\">\n<div class=\"\">\n<div class=\"oKdM2c Kzv0Me\">\n<div id=\"h.42ef74f4684d52ad_43\" class=\"hJDwNd-AhqUyc-Clt0zb jXK9ad D2fZ2 OjCsFc wHaque GNzUNc\">\n<div class=\"jXK9ad-SmKAyb\">\n<div class=\"tyJCtd mGzaTb baZpAe\">\n<div class=\"CjVfdc\">Si no tiene Certificado Digital puedes usar el nuevo<strong>&nbsp;iANDe<\/strong>&nbsp;(Identificador Andaluz Educativo). En el siguiente v\u00eddeo puedes ver:<\/div>\n<ol class=\"n8H08c BKnRcf\">\n<li class=\"TYR86d wXCUfe zfr3Q JYVBee\">\n<div class=\"CjVfdc\">\n<p><strong>C\u00f3mo acceder<\/strong>&nbsp;al tr\u00e1mite con el iANDe.<\/p>\n<\/div>\n<\/li>\n<li class=\"TYR86d wXCUfe zfr3Q JYVBee\">\n<div class=\"CjVfdc\">\n<p><strong>D\u00f3nde encontrar<\/strong>&nbsp;el c\u00f3digo iANDe dentro de la app iPASEN (minuto&nbsp;<strong>1:40<\/strong>).<\/p>\n<p>Al nuevo alumnado de 3 a\u00f1os para el pr\u00f3ximo curso se le ha remitido el iANDE por mensajer\u00eda sms<\/p>\n<\/div>\n<\/li>\n<li class=\"TYR86d wXCUfe zfr3Q JYVBee\">\n<div class=\"CjVfdc\">\n<p>C\u00f3mo pedir el iANDe si no lo hubieras recibido.<\/p>\n<\/div>\n<p>&nbsp;<\/p>\n<div class=\"post-video\"><iframe loading=\"lazy\" title=\"Acceso a la Secretar\u00eda Virtual con iANDe\" width=\"1165\" height=\"655\" src=\"https:\/\/www.youtube.com\/embed\/p8bqMdBsLd4?feature=oembed\" frameborder=\"0\" allow=\"accelerometer; autoplay; clipboard-write; encrypted-media; gyroscope; picture-in-picture; web-share\" referrerpolicy=\"strict-origin-when-cross-origin\" allowfullscreen><\/iframe><\/div>\n<section id=\"h.42ef74f4684d52ad_57\" class=\"yaqOZd lQAHbd\">\n<div class=\"mYVXT\">\n<div class=\"LS81yb VICjCf\">\n<div class=\"hJDwNd-AhqUyc-OiUrBf purZT-AhqUyc-II5mzb pSzOP-AhqUyc-qWD73c JNdkSc\">\n<div class=\"JNdkSc-SmKAyb\">\n<div class=\"\">\n<div class=\"oKdM2c Kzv0Me\">\n<div id=\"h.42ef74f4684d52ad_60\" class=\"hJDwNd-AhqUyc-OiUrBf jXK9ad D2fZ2 OjCsFc wHaque GNzUNc\">\n<div class=\"jXK9ad-SmKAyb\">\n<div class=\"tyJCtd mGzaTb baZpAe\">\n<div class=\"CjVfdc\"><strong>DOCUMENTACI\u00d3N QUE NECESITAR\u00c1S<\/strong><\/div>\n<\/div>\n<\/div>\n<\/div>\n<\/div>\n<\/div>\n<\/div>\n<\/div>\n<div class=\"hJDwNd-AhqUyc-II5mzb JNdkSc L6cTce-purZT L6cTce-pSzOP\">\n<div class=\"JNdkSc-SmKAyb\">\n<div class=\"\">&nbsp;<\/div>\n<\/div>\n<\/div>\n<\/div>\n<\/div>\n<\/section>\n<section id=\"h.42ef74f4684d52ad_61\" class=\"yaqOZd\">\n<div class=\"mYVXT\">\n<div class=\"LS81yb VICjCf\">\n<div class=\"hJDwNd-AhqUyc-uQSCkd purZT-AhqUyc-II5mzb pSzOP-AhqUyc-qWD73c JNdkSc\">\n<div class=\"JNdkSc-SmKAyb\">\n<div class=\"\">\n<div class=\"oKdM2c Kzv0Me\">\n<div id=\"h.42ef74f4684d52ad_64\" class=\"hJDwNd-AhqUyc-uQSCkd jXK9ad D2fZ2 OjCsFc wHaque GNzUNc\">\n<div class=\"jXK9ad-SmKAyb\">\n<div class=\"tyJCtd mGzaTb baZpAe\">\n<div class=\"CjVfdc\">Para la matr\u00edcula de&nbsp;<strong>alumnado ya matriculado en el centro NO necesitamos ninguna documentaci\u00f3n<\/strong>, solo confirmar los datos. Importante indicar bien los datos m\u00e9dicos, AUTORIZACI\u00d3N DE IMAGEN.<\/div>\n<div>&nbsp;<\/div>\n<\/div>\n<\/div>\n<\/div>\n<div>Para el&nbsp;<strong>NUEVO ALUMNADO&nbsp;EN EL CENTRO&nbsp;S\u00cd<\/strong>&nbsp;<strong>TIENE QUE APORTAR NUEVA DOCUMENTACI\u00d3N<\/strong> en el fichero del sobre de matricula virtual.<\/div>\n<\/div>\n<\/div>\n<\/div>\n<\/div>\n<\/div>\n<\/div>\n<\/section>\n<section id=\"h.42ef74f4684d52ad_68\" class=\"yaqOZd\">\n<div class=\"IFuOkc\">&nbsp;<\/div>\n<div class=\"mYVXT\">\n<div class=\"LS81yb VICjCf\">\n<div class=\"hJDwNd-AhqUyc-uQSCkd purZT-AhqUyc-II5mzb pSzOP-AhqUyc-qWD73c JNdkSc yYI8W \">\n<div class=\"JNdkSc-SmKAyb\">\n<div class=\"\">\n<div class=\"oKdM2c Kzv0Me\">\n<div id=\"h.42ef74f4684d52ad_71\" class=\"hJDwNd-AhqUyc-uQSCkd jXK9ad D2fZ2 OjCsFc GNzUNc\">\n<div class=\"jXK9ad-SmKAyb\">\n<div class=\"tyJCtd mGzaTb baZpAe\">\n<div class=\"CjVfdc\">&nbsp;<\/div>\n<\/div>\n<div><strong>UNA VEZ DENTRO \u00bfC\u00d3MO RELLENAR LA SOLICITUD?<\/strong><\/div>\n<div>\n<ol class=\"n8H08c BKnRcf\">\n<li class=\"TYR86d wXCUfe zfr3Q JYVBee\">\n<div class=\"CjVfdc\">\n<p>Confirmar los&nbsp;<strong>datos<\/strong>&nbsp;familiares.&nbsp;<strong><em>(Obligatorio)<\/em><\/strong><\/p>\n<\/div>\n<\/li>\n<li class=\"TYR86d wXCUfe zfr3Q JYVBee\">\n<div class=\"CjVfdc\">\n<p>Rellenar el Impreso de&nbsp;<strong>Matr\u00edcula<\/strong>.&nbsp;<strong><em>(Obligatorio)<\/em><\/strong><\/p>\n<\/div>\n<\/li>\n<li class=\"TYR86d wXCUfe zfr3Q JYVBee\">\n<div class=\"CjVfdc\">\n<p>Solicitar servicios del&nbsp;<strong>Plan de Apertura<\/strong>, si lo desean (recuerde consultar la documentaci\u00f3n que aparece adjunta a este tr\u00e1mite).<\/p>\n<\/div>\n<\/li>\n<li class=\"TYR86d wXCUfe zfr3Q JYVBee\">\n<div class=\"CjVfdc\">\n<p>Cumplimentar las&nbsp;<strong>autorizaciones<\/strong>&nbsp;de recogida del alumnado y de&nbsp;<strong>uso de imagen&nbsp;<\/strong>en actividades del centro.<strong>&nbsp;<em>(Obligatorio)<\/em><\/strong><\/p>\n<\/div>\n<\/li>\n<li class=\"TYR86d wXCUfe zfr3Q JYVBee\">\n<div class=\"CjVfdc\">\n<p>Adjuntar los&nbsp;<strong>documentos<\/strong>&nbsp;que confirmen lo alegado al solicitar servicios del&nbsp;Plan de Apertura<strong>&nbsp;(solo para los que los hayan solicitado).<\/strong><\/p>\n<p><strong>6.&nbsp; Comprobar y firmar la solicitud mediante SMS.<\/strong><\/p>\n<\/div>\n<\/li>\n<\/ol>\n<\/div>\n<\/div>\n<\/div>\n<\/div>\n<\/div>\n<\/div>\n<\/div>\n<\/div>\n<\/div>\n<\/section>\n<\/li>\n<\/ol>\n<\/div>\n<\/div>\n<\/div>\n<\/div>\n<\/div>\n<\/div>\n<\/div>\n<\/div>\n<\/div>\n<\/section>\n<\/div>\n<\/div>\n<\/div>\n<\/div>\n<\/section>\n<\/div>\n","protected":false},"excerpt":{"rendered":"<p>Del 1 al 09 de junio tanto para el alumnado de nueva incorporaci\u00f3n al centro como para el alumnado que ya est\u00e1 en el CEIP Carmen Mart\u00edn Gaite en el presente curso escolar. &nbsp; PRESENTACI\u00d3N En la&nbsp;Secretar\u00eda Virtual de los Centros Educativos. Puede acceder haciendo clic en la imagen, pero solo dentro de las fechas [&hellip;]<\/p>\n","protected":false},"author":6943,"featured_media":0,"comment_status":"open","ping_status":"open","sticky":false,"template":"","format":"standard","meta":{"ngg_post_thumbnail":0,"footnotes":""},"categories":[11909],"tags":[],"aioseo_notices":[],"_links":{"self":[{"href":"https:\/\/blogsaverroes.juntadeandalucia.es\/ceipcarmenmartingaite\/wp-json\/wp\/v2\/posts\/2738"}],"collection":[{"href":"https:\/\/blogsaverroes.juntadeandalucia.es\/ceipcarmenmartingaite\/wp-json\/wp\/v2\/posts"}],"about":[{"href":"https:\/\/blogsaverroes.juntadeandalucia.es\/ceipcarmenmartingaite\/wp-json\/wp\/v2\/types\/post"}],"author":[{"embeddable":true,"href":"https:\/\/blogsaverroes.juntadeandalucia.es\/ceipcarmenmartingaite\/wp-json\/wp\/v2\/users\/6943"}],"replies":[{"embeddable":true,"href":"https:\/\/blogsaverroes.juntadeandalucia.es\/ceipcarmenmartingaite\/wp-json\/wp\/v2\/comments?post=2738"}],"version-history":[{"count":4,"href":"https:\/\/blogsaverroes.juntadeandalucia.es\/ceipcarmenmartingaite\/wp-json\/wp\/v2\/posts\/2738\/revisions"}],"predecessor-version":[{"id":2744,"href":"https:\/\/blogsaverroes.juntadeandalucia.es\/ceipcarmenmartingaite\/wp-json\/wp\/v2\/posts\/2738\/revisions\/2744"}],"wp:attachment":[{"href":"https:\/\/blogsaverroes.juntadeandalucia.es\/ceipcarmenmartingaite\/wp-json\/wp\/v2\/media?parent=2738"}],"wp:term":[{"taxonomy":"category","embeddable":true,"href":"https:\/\/blogsaverroes.juntadeandalucia.es\/ceipcarmenmartingaite\/wp-json\/wp\/v2\/categories?post=2738"},{"taxonomy":"post_tag","embeddable":true,"href":"https:\/\/blogsaverroes.juntadeandalucia.es\/ceipcarmenmartingaite\/wp-json\/wp\/v2\/tags?post=2738"}],"curies":[{"name":"wp","href":"https:\/\/api.w.org\/{rel}","templated":true}]}}