{"id":2613,"date":"2025-11-07T11:27:44","date_gmt":"2025-11-07T10:27:44","guid":{"rendered":"https:\/\/blogsaverroes.juntadeandalucia.es\/ceipcarmensedofeito\/?p=2613"},"modified":"2025-11-07T11:50:34","modified_gmt":"2025-11-07T10:50:34","slug":"decimos-stop-al-bulling","status":"publish","type":"post","link":"https:\/\/blogsaverroes.juntadeandalucia.es\/ceipcarmensedofeito\/decimos-stop-al-bulling\/","title":{"rendered":"DECIMOS STOP AL BULLING"},"content":{"rendered":"<p>Desde el centro escolar se lleva trabajando este tema desde que hace a\u00f1os sobre todo desde la <strong>prevenci\u00f3n<\/strong>.<br \/>\nEste a\u00f1o el alumnado de 6\u00baA del grupo de ATEDU con el maestro Manolo han estado investigando y creando unas presentaciones en CANVA para compartir con el resto del centro.<br \/>\nOs mostramos un ejemplo de entre todas ellas como muestra del buen hacer de nuestro alumnado. En concreto esta presentaci\u00f3n al completo ha sido creado por el alumno <strong>Adam Moreno Garc\u00eda<\/strong><em> que ha sabido, con pocas palabras e imagenes muy concretas, llegarnos al coraz\u00f3n.<\/em><\/p>\n<div style=\"width: 843px;\" class=\"wp-video\"><!--[if lt IE 9]><script>document.createElement('video');<\/script><![endif]-->\n<video class=\"wp-video-shortcode\" id=\"video-2613-1\" width=\"843\" height=\"474\" preload=\"metadata\" controls=\"controls\"><source type=\"video\/mp4\" src=\"https:\/\/blogsaverroes.juntadeandalucia.es\/ceipcarmensedofeito\/files\/2025\/11\/Stop-Bullyng.mp4?_=1\" \/><a href=\"https:\/\/blogsaverroes.juntadeandalucia.es\/ceipcarmensedofeito\/files\/2025\/11\/Stop-Bullyng.mp4\">https:\/\/blogsaverroes.juntadeandalucia.es\/ceipcarmensedofeito\/files\/2025\/11\/Stop-Bullyng.mp4<\/a><\/video><\/div>\n<p>&nbsp;<\/p>\n","protected":false},"excerpt":{"rendered":"<p>Desde el centro escolar se lleva trabajando este tema desde que hace a\u00f1os sobre todo desde la prevenci\u00f3n. Este a\u00f1o el alumnado de 6\u00baA del&hellip;<\/p>\n","protected":false},"author":10371,"featured_media":0,"comment_status":"open","ping_status":"open","sticky":false,"template":"","format":"standard","meta":{"ngg_post_thumbnail":0,"footnotes":""},"categories":[25496,526],"tags":[],"aioseo_notices":[],"_links":{"self":[{"href":"https:\/\/blogsaverroes.juntadeandalucia.es\/ceipcarmensedofeito\/wp-json\/wp\/v2\/posts\/2613"}],"collection":[{"href":"https:\/\/blogsaverroes.juntadeandalucia.es\/ceipcarmensedofeito\/wp-json\/wp\/v2\/posts"}],"about":[{"href":"https:\/\/blogsaverroes.juntadeandalucia.es\/ceipcarmensedofeito\/wp-json\/wp\/v2\/types\/post"}],"author":[{"embeddable":true,"href":"https:\/\/blogsaverroes.juntadeandalucia.es\/ceipcarmensedofeito\/wp-json\/wp\/v2\/users\/10371"}],"replies":[{"embeddable":true,"href":"https:\/\/blogsaverroes.juntadeandalucia.es\/ceipcarmensedofeito\/wp-json\/wp\/v2\/comments?post=2613"}],"version-history":[{"count":6,"href":"https:\/\/blogsaverroes.juntadeandalucia.es\/ceipcarmensedofeito\/wp-json\/wp\/v2\/posts\/2613\/revisions"}],"predecessor-version":[{"id":2620,"href":"https:\/\/blogsaverroes.juntadeandalucia.es\/ceipcarmensedofeito\/wp-json\/wp\/v2\/posts\/2613\/revisions\/2620"}],"wp:attachment":[{"href":"https:\/\/blogsaverroes.juntadeandalucia.es\/ceipcarmensedofeito\/wp-json\/wp\/v2\/media?parent=2613"}],"wp:term":[{"taxonomy":"category","embeddable":true,"href":"https:\/\/blogsaverroes.juntadeandalucia.es\/ceipcarmensedofeito\/wp-json\/wp\/v2\/categories?post=2613"},{"taxonomy":"post_tag","embeddable":true,"href":"https:\/\/blogsaverroes.juntadeandalucia.es\/ceipcarmensedofeito\/wp-json\/wp\/v2\/tags?post=2613"}],"curies":[{"name":"wp","href":"https:\/\/api.w.org\/{rel}","templated":true}]}}