{"id":2653,"date":"2025-12-19T09:50:45","date_gmt":"2025-12-19T08:50:45","guid":{"rendered":"https:\/\/blogsaverroes.juntadeandalucia.es\/ceipcarmensedofeito\/?p=2653"},"modified":"2025-12-19T09:50:45","modified_gmt":"2025-12-19T08:50:45","slug":"derechos-y-deberes","status":"publish","type":"post","link":"https:\/\/blogsaverroes.juntadeandalucia.es\/ceipcarmensedofeito\/derechos-y-deberes\/","title":{"rendered":"Derechos y deberes"},"content":{"rendered":"<p>Con motivo de la celebraci\u00f3n del d\u00eda de los <span style=\"color: #800000\"><strong>derechos del ni\u00f1o<\/strong><\/span> y el d\u00eda de la <strong><span style=\"color: #0000ff\">Constituci\u00f3n<\/span><\/strong>, el alumnado de 2\u00ba adem\u00e1s de trabajar los derechos que tenemos tod@s tambi\u00e9n han estado viendo que<em> a cada derecho le corresponde un deber<\/em>.<\/p>\n<p>Para que nos quede bien claro han grabado este v\u00eddeo:<\/p>\n<p><a href=\"https:\/\/drive.google.com\/file\/d\/1Vhfwl4PIGqOFpYhBZsKQa7DtwYroB_VR\/view?usp=sharing\" target=\"_blank\" rel=\"noopener\">Derechos-y-deberes-2\u00ba<\/a><\/p>\n","protected":false},"excerpt":{"rendered":"<p>Con motivo de la celebraci\u00f3n del d\u00eda de los derechos del ni\u00f1o y el d\u00eda de la Constituci\u00f3n, el alumnado de 2\u00ba adem\u00e1s de trabajar&hellip;<\/p>\n","protected":false},"author":10371,"featured_media":0,"comment_status":"open","ping_status":"open","sticky":false,"template":"","format":"standard","meta":{"ngg_post_thumbnail":0,"footnotes":""},"categories":[25494],"tags":[],"aioseo_notices":[],"_links":{"self":[{"href":"https:\/\/blogsaverroes.juntadeandalucia.es\/ceipcarmensedofeito\/wp-json\/wp\/v2\/posts\/2653"}],"collection":[{"href":"https:\/\/blogsaverroes.juntadeandalucia.es\/ceipcarmensedofeito\/wp-json\/wp\/v2\/posts"}],"about":[{"href":"https:\/\/blogsaverroes.juntadeandalucia.es\/ceipcarmensedofeito\/wp-json\/wp\/v2\/types\/post"}],"author":[{"embeddable":true,"href":"https:\/\/blogsaverroes.juntadeandalucia.es\/ceipcarmensedofeito\/wp-json\/wp\/v2\/users\/10371"}],"replies":[{"embeddable":true,"href":"https:\/\/blogsaverroes.juntadeandalucia.es\/ceipcarmensedofeito\/wp-json\/wp\/v2\/comments?post=2653"}],"version-history":[{"count":1,"href":"https:\/\/blogsaverroes.juntadeandalucia.es\/ceipcarmensedofeito\/wp-json\/wp\/v2\/posts\/2653\/revisions"}],"predecessor-version":[{"id":2654,"href":"https:\/\/blogsaverroes.juntadeandalucia.es\/ceipcarmensedofeito\/wp-json\/wp\/v2\/posts\/2653\/revisions\/2654"}],"wp:attachment":[{"href":"https:\/\/blogsaverroes.juntadeandalucia.es\/ceipcarmensedofeito\/wp-json\/wp\/v2\/media?parent=2653"}],"wp:term":[{"taxonomy":"category","embeddable":true,"href":"https:\/\/blogsaverroes.juntadeandalucia.es\/ceipcarmensedofeito\/wp-json\/wp\/v2\/categories?post=2653"},{"taxonomy":"post_tag","embeddable":true,"href":"https:\/\/blogsaverroes.juntadeandalucia.es\/ceipcarmensedofeito\/wp-json\/wp\/v2\/tags?post=2653"}],"curies":[{"name":"wp","href":"https:\/\/api.w.org\/{rel}","templated":true}]}}