{"id":2661,"date":"2026-01-16T11:39:15","date_gmt":"2026-01-16T10:39:15","guid":{"rendered":"https:\/\/blogsaverroes.juntadeandalucia.es\/ceipcarmensedofeito\/?p=2661"},"modified":"2026-01-16T11:39:15","modified_gmt":"2026-01-16T10:39:15","slug":"navidad-2025","status":"publish","type":"post","link":"https:\/\/blogsaverroes.juntadeandalucia.es\/ceipcarmensedofeito\/navidad-2025\/","title":{"rendered":"Navidad 2025"},"content":{"rendered":"<p>El alumnado de 2\u00baC prepar\u00f3 el villancico \u00abentre zambombas y palillos\u00bb de Ni\u00f1a Pastori con una sencilla coreograf\u00eda para celebrar la cercan\u00eda de la Navidad en el cole.<\/p>\n<p><iframe loading=\"lazy\" title=\"Villancico\" width=\"843\" height=\"474\" src=\"https:\/\/www.youtube.com\/embed\/arFaXBVkMdU?feature=oembed\" frameborder=\"0\" allow=\"accelerometer; autoplay; clipboard-write; encrypted-media; gyroscope; picture-in-picture; web-share\" referrerpolicy=\"strict-origin-when-cross-origin\" allowfullscreen><\/iframe><\/p>\n<p>\u00a1Buen trabajo!<\/p>\n","protected":false},"excerpt":{"rendered":"<p>El alumnado de 2\u00baC prepar\u00f3 el villancico \u00abentre zambombas y palillos\u00bb de Ni\u00f1a Pastori con una sencilla coreograf\u00eda para celebrar la cercan\u00eda de la Navidad&hellip;<\/p>\n","protected":false},"author":10371,"featured_media":0,"comment_status":"open","ping_status":"open","sticky":false,"template":"","format":"standard","meta":{"ngg_post_thumbnail":0,"footnotes":""},"categories":[25494],"tags":[],"aioseo_notices":[],"_links":{"self":[{"href":"https:\/\/blogsaverroes.juntadeandalucia.es\/ceipcarmensedofeito\/wp-json\/wp\/v2\/posts\/2661"}],"collection":[{"href":"https:\/\/blogsaverroes.juntadeandalucia.es\/ceipcarmensedofeito\/wp-json\/wp\/v2\/posts"}],"about":[{"href":"https:\/\/blogsaverroes.juntadeandalucia.es\/ceipcarmensedofeito\/wp-json\/wp\/v2\/types\/post"}],"author":[{"embeddable":true,"href":"https:\/\/blogsaverroes.juntadeandalucia.es\/ceipcarmensedofeito\/wp-json\/wp\/v2\/users\/10371"}],"replies":[{"embeddable":true,"href":"https:\/\/blogsaverroes.juntadeandalucia.es\/ceipcarmensedofeito\/wp-json\/wp\/v2\/comments?post=2661"}],"version-history":[{"count":1,"href":"https:\/\/blogsaverroes.juntadeandalucia.es\/ceipcarmensedofeito\/wp-json\/wp\/v2\/posts\/2661\/revisions"}],"predecessor-version":[{"id":2662,"href":"https:\/\/blogsaverroes.juntadeandalucia.es\/ceipcarmensedofeito\/wp-json\/wp\/v2\/posts\/2661\/revisions\/2662"}],"wp:attachment":[{"href":"https:\/\/blogsaverroes.juntadeandalucia.es\/ceipcarmensedofeito\/wp-json\/wp\/v2\/media?parent=2661"}],"wp:term":[{"taxonomy":"category","embeddable":true,"href":"https:\/\/blogsaverroes.juntadeandalucia.es\/ceipcarmensedofeito\/wp-json\/wp\/v2\/categories?post=2661"},{"taxonomy":"post_tag","embeddable":true,"href":"https:\/\/blogsaverroes.juntadeandalucia.es\/ceipcarmensedofeito\/wp-json\/wp\/v2\/tags?post=2661"}],"curies":[{"name":"wp","href":"https:\/\/api.w.org\/{rel}","templated":true}]}}