{"id":3599,"date":"2023-11-14T21:41:11","date_gmt":"2023-11-14T20:41:11","guid":{"rendered":"https:\/\/blogsaverroes.juntadeandalucia.es\/ceipcasalcarrillo\/?p=3599"},"modified":"2023-11-14T21:43:00","modified_gmt":"2023-11-14T20:43:00","slug":"exito-total-en-los-talleres-de-bulerias-y-compas-por-tango","status":"publish","type":"post","link":"https:\/\/blogsaverroes.juntadeandalucia.es\/ceipcasalcarrillo\/exito-total-en-los-talleres-de-bulerias-y-compas-por-tango\/","title":{"rendered":"\u00a1\u00c9xito Total en los Talleres de Buler\u00edas y Comp\u00e1s por Tango!"},"content":{"rendered":"<p><strong><span style=\"font-size: 14pt\">Querida comunidad educativa,<\/span><\/strong><\/p>\n<p><span style=\"font-size: 14pt\">Nos complace compartir la excitante noticia de que los talleres de Buler\u00edas y Comp\u00e1s por Tango, que tuvieron lugar hoy, fueron un rotundo \u00e9xito. La energ\u00eda, la pasi\u00f3n y la alegr\u00eda inundaron nuestro colegio mientras los estudiantes participaron activamente en estas experiencias culturales y art\u00edsticas.<\/span><\/p>\n<p><span style=\"font-size: 14pt\"><strong>Taller de Buler\u00edas:<\/strong> El taller de Buler\u00edas, dirigido por nuestra talentosa <span style=\"color: #ff0000\"><strong>profesora Teruca<\/strong><\/span>, logr\u00f3 encender la chispa del flamenco en nuestros estudiantes. Desde los m\u00e1s peque\u00f1os hasta los mayores, todos participaron con entusiasmo y dejaron que el ritmo y la m\u00fasica los llevaran. Las palmas resonaron en el gimnasio, y los pasos de baile llenaron el espacio, creando una atm\u00f3sfera llena de vida.<\/span><\/p>\n<p><span style=\"font-size: 14pt\">Agradecemos a Teruca por su dedicaci\u00f3n y habilidad para transmitir la pasi\u00f3n por el arte flamenco a nuestros estudiantes.<\/span><\/p>\n<p><span style=\"font-size: 14pt\"><strong>Taller de Comp\u00e1s por Tango: <span style=\"color: #ff0000\">Fanny, &#8220;La Chusquita&#8221;,<\/span><\/strong> gui\u00f3 a nuestros alumnos de Infantil, Educaci\u00f3n Especial y 1\u00ba Ciclo en un viaje encantador a trav\u00e9s del comp\u00e1s por Tango. El sonido del cante y el ritmo del baile resonaron en cada rinc\u00f3n, creando una experiencia \u00fanica y educativa para los m\u00e1s peque\u00f1os del colegio.<\/span><\/p>\n<p><span style=\"font-size: 14pt\">Extendemos nuestro agradecimiento a Fanny por compartir su talento y conocimiento, creando un ambiente enriquecedor para nuestros estudiantes.<\/span><\/p>\n<p><span style=\"font-size: 14pt\">Ambos talleres contribuyeron significativamente a la educaci\u00f3n cultural y art\u00edstica de nuestros estudiantes, y estamos agradecidos por la oportunidad de ofrecerles estas experiencias \u00fanicas.<\/span><\/p>\n<p><span style=\"font-size: 14pt\">Gracias a todos los estudiantes, profesores y colaboradores que hicieron posible este d\u00eda tan especial. Seguiremos brindando oportunidades emocionantes y enriquecedoras esta semana del FLAMENCO. \u00a1ESTAD ATENTOS!<br \/>\n<\/span><\/p>\n<p>ngg_shortcode_0_placeholder<div style=\"width: 480px;\" class=\"wp-video\"><!--[if lt IE 9]><script>document.createElement('video');<\/script><![endif]-->\n<video class=\"wp-video-shortcode\" id=\"video-3599-1\" width=\"480\" height=\"864\" preload=\"metadata\" controls=\"controls\"><source type=\"video\/mp4\" src=\"https:\/\/blogsaverroes.juntadeandalucia.es\/ceipcasalcarrillo\/files\/2023\/11\/Video-de-WhatsApp-2023-11-14-a-las-12.03.58_7befbc13.mp4?_=1\" \/><a href=\"https:\/\/blogsaverroes.juntadeandalucia.es\/ceipcasalcarrillo\/files\/2023\/11\/Video-de-WhatsApp-2023-11-14-a-las-12.03.58_7befbc13.mp4\">https:\/\/blogsaverroes.juntadeandalucia.es\/ceipcasalcarrillo\/files\/2023\/11\/Video-de-WhatsApp-2023-11-14-a-las-12.03.58_7befbc13.mp4<\/a><\/video><\/div><\/p>\n<div style=\"width: 480px;\" class=\"wp-video\"><video class=\"wp-video-shortcode\" id=\"video-3599-2\" width=\"480\" height=\"864\" preload=\"metadata\" controls=\"controls\"><source type=\"video\/mp4\" src=\"https:\/\/blogsaverroes.juntadeandalucia.es\/ceipcasalcarrillo\/files\/2023\/11\/Video-de-WhatsApp-2023-11-14-a-las-14.48.14_4298b54c.mp4?_=2\" \/><a href=\"https:\/\/blogsaverroes.juntadeandalucia.es\/ceipcasalcarrillo\/files\/2023\/11\/Video-de-WhatsApp-2023-11-14-a-las-14.48.14_4298b54c.mp4\">https:\/\/blogsaverroes.juntadeandalucia.es\/ceipcasalcarrillo\/files\/2023\/11\/Video-de-WhatsApp-2023-11-14-a-las-14.48.14_4298b54c.mp4<\/a><\/video><\/div>\n<div style=\"width: 848px;\" class=\"wp-video\"><video class=\"wp-video-shortcode\" id=\"video-3599-3\" width=\"848\" height=\"480\" preload=\"metadata\" controls=\"controls\"><source type=\"video\/mp4\" src=\"https:\/\/blogsaverroes.juntadeandalucia.es\/ceipcasalcarrillo\/files\/2023\/11\/Video-de-WhatsApp-2023-11-14-a-las-17.37.22_a713c956.mp4?_=3\" \/><a href=\"https:\/\/blogsaverroes.juntadeandalucia.es\/ceipcasalcarrillo\/files\/2023\/11\/Video-de-WhatsApp-2023-11-14-a-las-17.37.22_a713c956.mp4\">https:\/\/blogsaverroes.juntadeandalucia.es\/ceipcasalcarrillo\/files\/2023\/11\/Video-de-WhatsApp-2023-11-14-a-las-17.37.22_a713c956.mp4<\/a><\/video><\/div>\n","protected":false},"excerpt":{"rendered":"<p>Querida comunidad educativa, Nos complace compartir la excitante noticia de que los talleres de Buler\u00edas y Comp\u00e1s por Tango, que tuvieron lugar hoy, fueron un rotundo \u00e9xito. La energ\u00eda, la pasi\u00f3n y la alegr\u00eda inundaron nuestro colegio mientras los estudiantes participaron activamente en estas experiencias culturales y art\u00edsticas. Taller de Buler\u00edas: El taller de Buler\u00edas, [&hellip;]<\/p>\n","protected":false},"author":16498,"featured_media":3617,"comment_status":"closed","ping_status":"open","sticky":false,"template":"","format":"standard","meta":{"_et_pb_use_builder":"","_et_pb_old_content":"","_et_gb_content_width":"","ngg_post_thumbnail":0,"footnotes":""},"categories":[4],"tags":[],"aioseo_notices":[],"_links":{"self":[{"href":"https:\/\/blogsaverroes.juntadeandalucia.es\/ceipcasalcarrillo\/wp-json\/wp\/v2\/posts\/3599"}],"collection":[{"href":"https:\/\/blogsaverroes.juntadeandalucia.es\/ceipcasalcarrillo\/wp-json\/wp\/v2\/posts"}],"about":[{"href":"https:\/\/blogsaverroes.juntadeandalucia.es\/ceipcasalcarrillo\/wp-json\/wp\/v2\/types\/post"}],"author":[{"embeddable":true,"href":"https:\/\/blogsaverroes.juntadeandalucia.es\/ceipcasalcarrillo\/wp-json\/wp\/v2\/users\/16498"}],"replies":[{"embeddable":true,"href":"https:\/\/blogsaverroes.juntadeandalucia.es\/ceipcasalcarrillo\/wp-json\/wp\/v2\/comments?post=3599"}],"version-history":[{"count":1,"href":"https:\/\/blogsaverroes.juntadeandalucia.es\/ceipcasalcarrillo\/wp-json\/wp\/v2\/posts\/3599\/revisions"}],"predecessor-version":[{"id":3616,"href":"https:\/\/blogsaverroes.juntadeandalucia.es\/ceipcasalcarrillo\/wp-json\/wp\/v2\/posts\/3599\/revisions\/3616"}],"wp:featuredmedia":[{"embeddable":true,"href":"https:\/\/blogsaverroes.juntadeandalucia.es\/ceipcasalcarrillo\/wp-json\/wp\/v2\/media\/3617"}],"wp:attachment":[{"href":"https:\/\/blogsaverroes.juntadeandalucia.es\/ceipcasalcarrillo\/wp-json\/wp\/v2\/media?parent=3599"}],"wp:term":[{"taxonomy":"category","embeddable":true,"href":"https:\/\/blogsaverroes.juntadeandalucia.es\/ceipcasalcarrillo\/wp-json\/wp\/v2\/categories?post=3599"},{"taxonomy":"post_tag","embeddable":true,"href":"https:\/\/blogsaverroes.juntadeandalucia.es\/ceipcasalcarrillo\/wp-json\/wp\/v2\/tags?post=3599"}],"curies":[{"name":"wp","href":"https:\/\/api.w.org\/{rel}","templated":true}]}}