{"id":3823,"date":"2023-11-23T16:57:23","date_gmt":"2023-11-23T15:57:23","guid":{"rendered":"https:\/\/blogsaverroes.juntadeandalucia.es\/ceipcasalcarrillo\/?p=3823"},"modified":"2023-11-23T16:57:23","modified_gmt":"2023-11-23T15:57:23","slug":"excursion-educativa-de-5o-y-6o-al-museo-naval-y-al-panteon-de-san-fernando-un-viaje-al-pasado-maritimo","status":"publish","type":"post","link":"https:\/\/blogsaverroes.juntadeandalucia.es\/ceipcasalcarrillo\/excursion-educativa-de-5o-y-6o-al-museo-naval-y-al-panteon-de-san-fernando-un-viaje-al-pasado-maritimo\/","title":{"rendered":"Excursi\u00f3n Educativa de 5\u00ba y 6\u00ba al Museo Naval y al Pante\u00f3n de San Fernando: Un Viaje al Pasado Mar\u00edtimo"},"content":{"rendered":"<div class=\"flex flex-grow flex-col max-w-full gap-3 gizmo:gap-0\">\n<div class=\"min-h-[20px] text-message flex flex-col items-start gap-3 whitespace-pre-wrap break-words [.text-message+&amp;]:mt-5 overflow-x-auto\" data-message-author-role=\"assistant\" data-message-id=\"4c921a86-d451-4425-8571-33570c516062\">\n<div class=\"markdown prose w-full break-words dark:prose-invert light\">\n<p><span style=\"font-size: 14pt\"><strong>Excursi\u00f3n Educativa de 5\u00ba y 6\u00ba al Museo Naval y al Pante\u00f3n de San Fernando: Un Viaje al Pasado Mar\u00edtimo<\/strong><\/span><\/p>\n<p><span style=\"font-size: 14pt\">\u00a1Saludos a toda la comunidad educativa del colegio! Queremos compartir con entusiasmo la reciente excursi\u00f3n educativa de los estudiantes de 5\u00ba y 6\u00ba grado al Museo Naval y al Pante\u00f3n de San Fernando. Esta experiencia enriquecedora no solo proporcion\u00f3 a nuestros alumnos un d\u00eda lleno de aprendizaje pr\u00e1ctico, sino que tambi\u00e9n les permiti\u00f3 sumergirse en la fascinante historia mar\u00edtima de la Bah\u00eda de C\u00e1diz.<\/span><\/p>\n<p><span style=\"font-size: 14pt\"><strong>Museo Naval de San Fernando: Navegando por la Historia<\/strong><\/span><\/p>\n<p><span style=\"font-size: 14pt\">El Museo Naval de San Fernando, testigo de innumerables acontecimientos geopol\u00edticos, ofrece una ventana al pasado mar\u00edtimo de la Pen\u00ednsula Ib\u00e9rica. Los estudiantes exploraron los yacimientos arqueol\u00f3gicos subacu\u00e1ticos en las aguas de C\u00e1diz, descubriendo pecios que cuentan historias de batallas y naufragios. La ciudad, antiguo enclave naval para fenicios, griegos y romanos, se erige como un puerto estrat\u00e9gico que ha vivido el auge de la nueva burgues\u00eda comerciante. Los galones que realizaban la carrera a las Indias transformaron C\u00e1diz en un ambiente cosmopolita, y el Puerto de Santa Mar\u00eda fue testigo de las galeras reales durante el invierno.<\/span><\/p>\n<p><span style=\"font-size: 14pt\"><strong>Pante\u00f3n de San Fernando: Rinde Homenaje a los Marinos Ilustres<\/strong><\/span><\/p>\n<p><span style=\"font-size: 14pt\">La excursi\u00f3n tambi\u00e9n llev\u00f3 a nuestros estudiantes al Pante\u00f3n de San Fernando, inicialmente concebido como iglesia en 1786. Este lugar se convirti\u00f3 en el Pante\u00f3n de Marinos Ilustres en 1850, destacando por sus mausoleos que albergan a destacados personajes de la historia mar\u00edtima. Entre ellos, se encuentran los de Jorge Juan y Santacilia, Antonio de Esca\u00f1o, Pascual Cervera y Topete, \u00c1lvaro de Baz\u00e1n y Guzm\u00e1n, Jos\u00e9 Gonz\u00e1lez Hontoria, Cayetano Vald\u00e9s y Flores, y un espectacular monumento dedicado a las clases de Mariner\u00eda y Tropa.<\/span><\/p>\n<p><span style=\"font-size: 14pt\">En el interior del Pante\u00f3n, nuestros alumnos quedaron maravillados por la l\u00e1mpara votiva de plata de quinientos kilogramos, que cae desde la c\u00fapula al centro de la nave central, esmaltada con los escudos de armas de los almirantes.<\/span><\/p>\n<p><span style=\"font-size: 14pt\"><strong>Importancia Educativa: Un V\u00ednculo con Nuestra Identidad Mar\u00edtima<\/strong><\/span><\/p>\n<p><span style=\"font-size: 14pt\">Esta salida educativa no solo permiti\u00f3 a nuestros estudiantes adquirir conocimientos hist\u00f3ricos de manera pr\u00e1ctica, sino que tambi\u00e9n fortaleci\u00f3 su conexi\u00f3n con la identidad mar\u00edtima de nuestra localidad. A trav\u00e9s de la exploraci\u00f3n de estos lugares emblem\u00e1ticos, los alumnos pudieron comprender la importancia del mar en la historia de C\u00e1diz y c\u00f3mo este ha moldeado nuestra cultura.<\/span><\/p>\n<p><span style=\"font-size: 14pt\">Agradecemos a todos los profesores y personal del colegio por hacer posible esta experiencia educativa tan enriquecedora. Estamos emocionados de ver c\u00f3mo estas vivencias impactan positivamente en el desarrollo acad\u00e9mico y personal de nuestros estudiantes. \u00a1Hasta la pr\u00f3xima aventura educativa!<\/span><\/p>\nngg_shortcode_0_placeholder<\/div>\n<\/div>\n<\/div>\n","protected":false},"excerpt":{"rendered":"<p>Excursi\u00f3n Educativa de 5\u00ba y 6\u00ba al Museo Naval y al Pante\u00f3n de San Fernando: Un Viaje al Pasado Mar\u00edtimo \u00a1Saludos a toda la comunidad educativa del colegio! Queremos compartir con entusiasmo la reciente excursi\u00f3n educativa de los estudiantes de 5\u00ba y 6\u00ba grado al Museo Naval y al Pante\u00f3n de San Fernando. Esta experiencia [&hellip;]<\/p>\n","protected":false},"author":16498,"featured_media":3824,"comment_status":"closed","ping_status":"open","sticky":false,"template":"","format":"standard","meta":{"_et_pb_use_builder":"","_et_pb_old_content":"","_et_gb_content_width":"","ngg_post_thumbnail":0,"footnotes":""},"categories":[1],"tags":[],"aioseo_notices":[],"_links":{"self":[{"href":"https:\/\/blogsaverroes.juntadeandalucia.es\/ceipcasalcarrillo\/wp-json\/wp\/v2\/posts\/3823"}],"collection":[{"href":"https:\/\/blogsaverroes.juntadeandalucia.es\/ceipcasalcarrillo\/wp-json\/wp\/v2\/posts"}],"about":[{"href":"https:\/\/blogsaverroes.juntadeandalucia.es\/ceipcasalcarrillo\/wp-json\/wp\/v2\/types\/post"}],"author":[{"embeddable":true,"href":"https:\/\/blogsaverroes.juntadeandalucia.es\/ceipcasalcarrillo\/wp-json\/wp\/v2\/users\/16498"}],"replies":[{"embeddable":true,"href":"https:\/\/blogsaverroes.juntadeandalucia.es\/ceipcasalcarrillo\/wp-json\/wp\/v2\/comments?post=3823"}],"version-history":[{"count":1,"href":"https:\/\/blogsaverroes.juntadeandalucia.es\/ceipcasalcarrillo\/wp-json\/wp\/v2\/posts\/3823\/revisions"}],"predecessor-version":[{"id":3848,"href":"https:\/\/blogsaverroes.juntadeandalucia.es\/ceipcasalcarrillo\/wp-json\/wp\/v2\/posts\/3823\/revisions\/3848"}],"wp:featuredmedia":[{"embeddable":true,"href":"https:\/\/blogsaverroes.juntadeandalucia.es\/ceipcasalcarrillo\/wp-json\/wp\/v2\/media\/3824"}],"wp:attachment":[{"href":"https:\/\/blogsaverroes.juntadeandalucia.es\/ceipcasalcarrillo\/wp-json\/wp\/v2\/media?parent=3823"}],"wp:term":[{"taxonomy":"category","embeddable":true,"href":"https:\/\/blogsaverroes.juntadeandalucia.es\/ceipcasalcarrillo\/wp-json\/wp\/v2\/categories?post=3823"},{"taxonomy":"post_tag","embeddable":true,"href":"https:\/\/blogsaverroes.juntadeandalucia.es\/ceipcasalcarrillo\/wp-json\/wp\/v2\/tags?post=3823"}],"curies":[{"name":"wp","href":"https:\/\/api.w.org\/{rel}","templated":true}]}}