{"id":743,"date":"2022-10-05T19:35:10","date_gmt":"2022-10-05T18:35:10","guid":{"rendered":"https:\/\/blogsaverroes.juntadeandalucia.es\/ceipcasalcarrillo\/?p=743"},"modified":"2023-02-09T17:07:27","modified_gmt":"2023-02-09T16:07:27","slug":"proyecto-los-medios-de-comunicacion","status":"publish","type":"post","link":"https:\/\/blogsaverroes.juntadeandalucia.es\/ceipcasalcarrillo\/proyecto-los-medios-de-comunicacion\/","title":{"rendered":"PROYECTO &#8220;LOS MEDIOS DE COMUNICACI\u00d3N&#8221;"},"content":{"rendered":"<p><span style=\"font-size: 14pt;font-family: arial, helvetica, sans-serif\">Estimadas familias:<\/span><\/p>\n<p><span style=\"font-size: 14pt;font-family: arial, helvetica, sans-serif\">Durante este curso el alumnado de Primaria va a trabajar el <strong><em>Proyecto \u201cLos Medios de Comunicaci\u00f3n\u201d,<\/em><\/strong> abarcando los siguientes medios:<\/span><\/p>\n<table style=\"width: 0%;height: 170px\">\n<tbody>\n<tr style=\"height: 51px\">\n<td style=\"height: 51px;text-align: center\" width=\"103\"><span style=\"color: #0000ff;font-size: 14pt;font-family: arial, helvetica, sans-serif\">TRIMESTRE<\/span><\/td>\n<td style=\"height: 51px;text-align: center\" width=\"216\"><span style=\"color: #0000ff;font-size: 14pt;font-family: arial, helvetica, sans-serif\">MEDIO COMUNICACI\u00d3N<\/span><\/td>\n<td style=\"height: 51px;text-align: center\" width=\"259\"><span style=\"color: #0000ff;font-size: 14pt;font-family: arial, helvetica, sans-serif\">ENTIDAD COLABORADORA<\/span><\/td>\n<\/tr>\n<tr style=\"height: 37px\">\n<td style=\"height: 37px;text-align: center\" width=\"103\"><span style=\"color: #ff0000;font-size: 14pt;font-family: arial, helvetica, sans-serif\">1\u00ba<\/span><\/td>\n<td style=\"height: 37px;text-align: center\" width=\"216\">\n<p style=\"text-align: left\"><span style=\"color: #ff0000;font-size: 14pt;font-family: arial, helvetica, sans-serif\">La Radio<\/span><\/p>\n<\/td>\n<td style=\"height: 37px;text-align: center\" width=\"259\"><span style=\"color: #ff0000;font-size: 14pt;font-family: arial, helvetica, sans-serif\">Cadena Ser\/Canal local Radio LaIsla<\/span><\/td>\n<\/tr>\n<tr style=\"height: 51px\">\n<td style=\"height: 51px;text-align: center\" width=\"103\"><span style=\"font-size: 14pt;font-family: arial, helvetica, sans-serif\">2\u00ba<\/span><\/td>\n<td style=\"height: 51px;text-align: center\" width=\"216\"><span style=\"font-size: 14pt;font-family: arial, helvetica, sans-serif\">La prensa escrita, El Peri\u00f3dico<\/span><\/td>\n<td style=\"height: 51px;text-align: center\" width=\"259\"><span style=\"font-size: 14pt;font-family: arial, helvetica, sans-serif\">Diario C\u00e1diz \/ San Fdo Informaci\u00f3n<\/span><\/td>\n<\/tr>\n<tr style=\"height: 31px\">\n<td style=\"height: 31px;text-align: center\" width=\"103\"><span style=\"color: #008080;font-size: 14pt;font-family: arial, helvetica, sans-serif\">3\u00ba<\/span><\/td>\n<td style=\"height: 31px;text-align: center\" width=\"216\"><span style=\"color: #008080;font-size: 14pt;font-family: arial, helvetica, sans-serif\">La Televisi\u00f3n<\/span><\/td>\n<td style=\"height: 31px;text-align: center\" width=\"259\"><span style=\"color: #008080;font-size: 14pt;font-family: arial, helvetica, sans-serif\">Canal Sur y TV local TeleIsla<\/span><\/td>\n<\/tr>\n<\/tbody>\n<\/table>\n<p><span style=\"font-size: 14pt;font-family: arial, helvetica, sans-serif\">La tem\u00e1tica de este Proyecto se relaciona perfectamente con los contenidos del curr\u00edculo de Primaria, sobre todo lo relacionado con la Competencia Ling\u00fc\u00edstica ya que aborda directamente la comprensi\u00f3n de la realidad, la organizaci\u00f3n del pensamiento, la recogida de informaci\u00f3n, c\u00f3mo recopilarla, que sepan expresar sus ideas, emociones, vivencias, opiniones\u2026de manera oral y escrita, saber comunicar, saber transmitir y llegar a un p\u00fablico; aprender a dejar a un lado la timidez hasta llegar a reproducir ante ese p\u00fablico que les escucha o les ve una serie de noticias o de eventos que quieran divulgar, cuidando los detalles que se requieren para ser buenos periodistas o comunicadores.<\/span><\/p>\n<p><span style=\"font-size: 14pt;font-family: arial, helvetica, sans-serif\">Se trabajar\u00e1 la expresi\u00f3n y comprensi\u00f3n oral y escrita y el buen uso de la gram\u00e1tica y la ortograf\u00eda, destrezas esenciales para el desarrollo del alumno y cuyo dominio influye directamente en la adquisici\u00f3n del resto de las \u00e1reas.<\/span><\/p>\n<p><span style=\"font-size: 14pt;font-family: arial, helvetica, sans-serif\">Dicho proyecto ser\u00e1 <strong>interdisciplinar<\/strong> ya que har\u00e1 alusi\u00f3n y trabajar\u00e1 muchas disciplinas y las diferentes \u00e1reas, se sustentar\u00e1 en diferentes <strong>multitareas<\/strong> de car\u00e1cter <strong>multinivelar <\/strong>en el que tendr\u00e1n cabida y participar\u00e1n por igual todo el alumnado sabi\u00e9ndonos adaptar a los diferentes niveles madurativos y cognitivos de cada ni\u00f1o y ni\u00f1a y destacar\u00e1 por su car\u00e1cter colaborativo e inclusivo.<\/span><\/p>\n<p><span style=\"font-size: 14pt;font-family: arial, helvetica, sans-serif\">Si hacemos referencia a la normativa actual, <strong>LOMLOE<\/strong>, se pretende que en la escuela el alumnado desarrolle unas <strong><em>Situaciones de Aprendizaje<\/em><\/strong> cuya base principal sea proponerse un <strong><em>Reto, &nbsp;Meta<\/em><\/strong> <strong>o <em>Producto Final<\/em><\/strong> a conseguir y cuyo aprendizaje de saberes b\u00e1sicos vaya dirigido a conseguir esa Meta.<\/span><\/p>\n<p><span style=\"font-size: 14pt;font-family: arial, helvetica, sans-serif\">Nuestros Retos o Metas ser\u00e1n:<\/span><\/p>\n<table width=\"584\">\n<tbody>\n<tr>\n<td style=\"text-align: center\" width=\"83\"><span style=\"color: #0000ff;font-size: 14pt;font-family: arial, helvetica, sans-serif\"><strong>TRIM<\/strong><\/span><\/td>\n<td style=\"text-align: center\" width=\"265\"><span style=\"color: #0000ff;font-size: 14pt;font-family: arial, helvetica, sans-serif\"><strong>METAS O RETOS<\/strong><\/span><\/td>\n<td style=\"text-align: center\" width=\"236\"><span style=\"color: #0000ff;font-size: 14pt;font-family: arial, helvetica, sans-serif\"><strong>ENTIDAD COLABORADORA<\/strong><\/span><\/td>\n<\/tr>\n<tr>\n<td style=\"text-align: center\" width=\"83\"><span style=\"color: #ff0000;font-size: 14pt;font-family: arial, helvetica, sans-serif\"><strong>1\u00ba<\/strong><\/span><\/td>\n<td style=\"text-align: center\" width=\"265\"><span style=\"color: #ff0000;font-size: 14pt;font-family: arial, helvetica, sans-serif\">Realizar un Programa de Radio donde participe nuestro alumnado sobre una tem\u00e1tica elegida.<\/span><\/td>\n<td style=\"text-align: center\" width=\"236\"><span style=\"color: #ff0000;font-size: 14pt;font-family: arial, helvetica, sans-serif\">Cadena Ser&nbsp;<\/span><\/p>\n<p><span style=\"color: #ff0000;font-size: 14pt;font-family: arial, helvetica, sans-serif\">Radio La Isla<\/span><\/p>\n<p>&nbsp;<\/td>\n<\/tr>\n<tr>\n<td style=\"text-align: center\" width=\"83\"><span style=\"font-size: 14pt;font-family: arial, helvetica, sans-serif\"><strong>2\u00ba<\/strong><\/span><\/td>\n<td style=\"text-align: center\" width=\"265\"><span style=\"font-size: 14pt;font-family: arial, helvetica, sans-serif\">Elaboraci\u00f3n de un Peri\u00f3dico Escolar con diferentes secciones: Deportes, Arte y Cultura, Sociedad, Opini\u00f3n\u2026<\/span><\/td>\n<td style=\"text-align: center\" width=\"236\"><span style=\"font-size: 14pt;font-family: arial, helvetica, sans-serif\">Diario de C\u00e1diz<\/span><\/p>\n<p><span style=\"font-size: 14pt;font-family: arial, helvetica, sans-serif\">San Fernando Informaci\u00f3n<\/span><\/td>\n<\/tr>\n<tr>\n<td style=\"text-align: center\" width=\"83\"><span style=\"color: #339966;font-size: 14pt;font-family: arial, helvetica, sans-serif\"><strong>3\u00ba<\/strong><\/span><\/td>\n<td style=\"text-align: center\" width=\"265\"><span style=\"color: #339966;font-size: 14pt;font-family: arial, helvetica, sans-serif\">Realizar un Programa de Televisi\u00f3n (Informativos de noticias locales o del cole)<\/span><\/td>\n<td style=\"text-align: center\" width=\"236\"><span style=\"color: #339966;font-size: 14pt;font-family: arial, helvetica, sans-serif\">Canal Sur<\/span><\/p>\n<p><span style=\"color: #339966;font-size: 14pt;font-family: arial, helvetica, sans-serif\">Canal local, IslaTelevisi\u00f3n<\/span><\/p>\n<p>&nbsp;<\/td>\n<\/tr>\n<\/tbody>\n<\/table>\n<p><span style=\"font-size: 14pt;font-family: arial, helvetica, sans-serif\">Para ello, vendr\u00e1n a darnos <strong>Talleres personas externas al centro<\/strong>, representantes de los diferentes medios de comunicaci\u00f3n &nbsp;con la finalidad de que el entorno entre en el centro y los ni\u00f1os aprendan de esos est\u00edmulos y el alumnado se traslade al entorno, ya que realizar\u00e1n <strong>Visitas a La Radio, la sede del Diario de C\u00e1diz y la TV local,<\/strong> para vivir in situ c\u00f3mo es el d\u00eda a d\u00eda de los profesionales de estos medios, ya que aprender vivencialmente y con motivaci\u00f3n es la mejor manera de aprender.<\/span><\/p>\n<p><span style=\"font-size: 14pt;font-family: arial, helvetica, sans-serif\">A final de este proyecto conseguiremos que los ni\u00f1os y ni\u00f1as hayan aprendido a ser buenos comunicadores de la informaci\u00f3n, que sean capaces de ejecutar diferentes tareas como redactar, producir, editar, presentar, entrevistar, colaborar con producciones de distintos formatos como informativos, debates, entrevistas, es decir, participar en los diferentes medios de comunicaci\u00f3n y saber adquirir unos h\u00e1bitos de comportamiento, autonom\u00eda, autoestima y seguridad en s\u00ed mismos para saber llegar a un p\u00fablico y a la vez ayudarles a desarrollarse personal y socialmente.<\/span><\/p>\n<p><span style=\"font-size: 14pt;font-family: arial, helvetica, sans-serif\">Como todo Producto Final, cuanta m\u00e1s repercusi\u00f3n social tenga, mejor, por lo que divulgaremos nuestro trabajo en nuestro entorno m\u00e1s cercano, nuestra localidad, para que el resto de colegios y personas puedan disfrutar del trabajo de nuestros ni\u00f1os y ni\u00f1as y es otra manera de abrirnos a ese entorno cercano.<\/span><\/p>\n<p>&nbsp;<\/p>\n<table>\n<tbody>\n<tr>\n<td width=\"576\"><span style=\"font-size: 14pt;font-family: arial, helvetica, sans-serif\">Para ello, por supuesto, necesitaremos como hasta ahora la <strong>colaboraci\u00f3n<\/strong> de todos ustedes, de los <strong>padres y madres del colegio,<\/strong> para hacer posible este interesante proyecto, solicitando su ayuda para decorar el centro, que nos aporten ideas y materiales, nos ayuden a contactar con personas relacionadas con estos medios de comunicaci\u00f3n, y de esta manera sus hijos\/as sientan que el colegio y la familia trabajan en una misma l\u00ednea colaborando en su proceso de ense\u00f1anza-aprendizaje.<\/span><\/td>\n<\/tr>\n<\/tbody>\n<\/table>\n<p>&nbsp;<\/p>\n<p><span style=\"font-size: 14pt;font-family: arial, helvetica, sans-serif\">Igual que el curso pasado formaremos un grupo de madres y padres que quieran colaborar m\u00e1s activamente con nosotros, quienes nos reuniremos peri\u00f3dicamente para sacar adelante todas estas ideas. Las madres y padres que deseen participar en este grupo que me lo comuniquen directamente o lo hagan mediante la madre delegada de clase.<\/span><\/p>\n<p><span style=\"font-size: 14pt;font-family: arial, helvetica, sans-serif\">Este centro siempre ha destacado por la participaci\u00f3n activa de las familias en los proyectos y actividades del centro por lo que les invito a seguir en esa misma l\u00ednea de colaboraci\u00f3n e implicaci\u00f3n.<\/span><\/p>\n<p><span style=\"font-size: 14pt;font-family: arial, helvetica, sans-serif\">Una vez que tenga el calendario de los Talleres relacionados con la tem\u00e1tica a trabajar se lo comunicar\u00e9 mediante nota informativa e igual que el curso pasado cada vez que venga al centro un colaborador externo les enviar\u00e9 la Ficha Descriptiva de los contenidos y actividades trabajados en dicho taller para que est\u00e9n informados en todo momento del transcurso del proyecto.<\/span><\/p>\n<p><span style=\"font-size: 14pt;font-family: arial, helvetica, sans-serif\">A trav\u00e9s de esta metodolog\u00eda activa de trabajo nuestro alumnado disfrutar\u00e1 aprendiendo competencialmente, adquiriendo destrezas, saberes y capacidades que puedan aplicar en su vida cotidiana y les ayude a desenvolverse en la sociedad actual.<\/span><\/p>\n<p><span style=\"font-size: 14pt;font-family: arial, helvetica, sans-serif\">Compartiremos con ustedes fotos y videos de las actividades para que puedan participar de todas ellas y verlas en casa con sus hijos\/as suscitando que os cuenten c\u00f3mo ha sido la experiencia educativa.&nbsp;&nbsp;&nbsp;&nbsp;&nbsp;&nbsp;&nbsp;<\/span><\/p>\n","protected":false},"excerpt":{"rendered":"<p>Estimadas familias: Durante este curso el alumnado de Primaria va a trabajar el Proyecto \u201cLos Medios de Comunicaci\u00f3n\u201d, abarcando los siguientes medios: TRIMESTRE MEDIO COMUNICACI\u00d3N ENTIDAD COLABORADORA 1\u00ba La Radio Cadena Ser\/Canal local Radio LaIsla 2\u00ba La prensa escrita, El Peri\u00f3dico Diario C\u00e1diz \/ San Fdo Informaci\u00f3n 3\u00ba La Televisi\u00f3n Canal Sur y TV local [&hellip;]<\/p>\n","protected":false},"author":16498,"featured_media":745,"comment_status":"closed","ping_status":"open","sticky":false,"template":"","format":"standard","meta":{"_et_pb_use_builder":"","_et_pb_old_content":"","_et_gb_content_width":"","ngg_post_thumbnail":0,"footnotes":""},"categories":[4],"tags":[],"aioseo_notices":[],"_links":{"self":[{"href":"https:\/\/blogsaverroes.juntadeandalucia.es\/ceipcasalcarrillo\/wp-json\/wp\/v2\/posts\/743"}],"collection":[{"href":"https:\/\/blogsaverroes.juntadeandalucia.es\/ceipcasalcarrillo\/wp-json\/wp\/v2\/posts"}],"about":[{"href":"https:\/\/blogsaverroes.juntadeandalucia.es\/ceipcasalcarrillo\/wp-json\/wp\/v2\/types\/post"}],"author":[{"embeddable":true,"href":"https:\/\/blogsaverroes.juntadeandalucia.es\/ceipcasalcarrillo\/wp-json\/wp\/v2\/users\/16498"}],"replies":[{"embeddable":true,"href":"https:\/\/blogsaverroes.juntadeandalucia.es\/ceipcasalcarrillo\/wp-json\/wp\/v2\/comments?post=743"}],"version-history":[{"count":2,"href":"https:\/\/blogsaverroes.juntadeandalucia.es\/ceipcasalcarrillo\/wp-json\/wp\/v2\/posts\/743\/revisions"}],"predecessor-version":[{"id":1238,"href":"https:\/\/blogsaverroes.juntadeandalucia.es\/ceipcasalcarrillo\/wp-json\/wp\/v2\/posts\/743\/revisions\/1238"}],"wp:featuredmedia":[{"embeddable":true,"href":"https:\/\/blogsaverroes.juntadeandalucia.es\/ceipcasalcarrillo\/wp-json\/wp\/v2\/media\/745"}],"wp:attachment":[{"href":"https:\/\/blogsaverroes.juntadeandalucia.es\/ceipcasalcarrillo\/wp-json\/wp\/v2\/media?parent=743"}],"wp:term":[{"taxonomy":"category","embeddable":true,"href":"https:\/\/blogsaverroes.juntadeandalucia.es\/ceipcasalcarrillo\/wp-json\/wp\/v2\/categories?post=743"},{"taxonomy":"post_tag","embeddable":true,"href":"https:\/\/blogsaverroes.juntadeandalucia.es\/ceipcasalcarrillo\/wp-json\/wp\/v2\/tags?post=743"}],"curies":[{"name":"wp","href":"https:\/\/api.w.org\/{rel}","templated":true}]}}